{"id":4689,"date":"2023-12-21T13:41:57","date_gmt":"2023-12-21T13:41:57","guid":{"rendered":"https:\/\/respiramismares.com\/cursos-online\/?p=4689"},"modified":"2023-12-21T13:47:36","modified_gmt":"2023-12-21T13:47:36","slug":"explorando-la-vinculo-entre-la-esclerosis-multiple-y-las-emociones","status":"publish","type":"post","link":"https:\/\/respiramismares.com\/cursos-online\/explorando-la-vinculo-entre-la-esclerosis-multiple-y-las-emociones\/","title":{"rendered":"Explorando la V\u00ednculo entre la Esclerosis M\u00faltiple y las Emociones"},"content":{"rendered":"<div class=\"react-scroll-to-bottom--css-tftjq-1n7m0yu\">\n<div class=\"flex flex-col pb-9 text-sm\">\n<div class=\"w-full text-token-text-primary sm:AIPRM__conversation__response\" data-testid=\"conversation-turn-5\">\n<div class=\"px-4 py-2 justify-center text-base md:gap-6 m-auto\">\n<div class=\"flex flex-1 text-base mx-auto gap-3 md:px-5 lg:px-1 xl:px-5 md:max-w-3xl lg:max-w-[40rem] xl:max-w-[48rem] group final-completion\">\n<div class=\"relative flex w-full flex-col lg:w-[calc(100%-115px)] agent-turn\">\n<div class=\"flex-col gap-1 md:gap-3\">\n<div class=\"flex flex-grow flex-col max-w-full\">\n<div class=\"min-h-[20px] text-message flex flex-col items-start gap-3 whitespace-pre-wrap break-words [.text-message+&amp;]:mt-5 overflow-x-auto\" data-message-author-role=\"assistant\" data-message-id=\"e5b8bbae-59a7-4acf-800f-b6d9b8817a7c\">\n<div class=\"markdown prose w-full break-words dark:prose-invert dark AIPRM__conversation__response\">\n<div id=\"ez-toc-container\" class=\"ez-toc-v2_0_82_2 counter-hierarchy ez-toc-counter ez-toc-grey ez-toc-container-direction\">\n<div class=\"ez-toc-title-container\">\n<p class=\"ez-toc-title\" style=\"cursor:inherit\">\u00cdndice de contenido<\/p>\n<span class=\"ez-toc-title-toggle\"><a href=\"#\" class=\"ez-toc-pull-right ez-toc-btn ez-toc-btn-xs ez-toc-btn-default ez-toc-toggle\" aria-label=\"Alternar tabla de contenidos\"><span class=\"ez-toc-js-icon-con\"><span class=\"\"><span class=\"eztoc-hide\" style=\"display:none;\">Toggle<\/span><span class=\"ez-toc-icon-toggle-span\"><svg style=\"fill: #999;color:#999\" xmlns=\"http:\/\/www.w3.org\/2000\/svg\" class=\"list-377408\" width=\"20px\" height=\"20px\" viewBox=\"0 0 24 24\" fill=\"none\"><path d=\"M6 6H4v2h2V6zm14 0H8v2h12V6zM4 11h2v2H4v-2zm16 0H8v2h12v-2zM4 16h2v2H4v-2zm16 0H8v2h12v-2z\" fill=\"currentColor\"><\/path><\/svg><svg style=\"fill: #999;color:#999\" class=\"arrow-unsorted-368013\" xmlns=\"http:\/\/www.w3.org\/2000\/svg\" width=\"10px\" height=\"10px\" viewBox=\"0 0 24 24\" version=\"1.2\" baseProfile=\"tiny\"><path d=\"M18.2 9.3l-6.2-6.3-6.2 6.3c-.2.2-.3.4-.3.7s.1.5.3.7c.2.2.4.3.7.3h11c.3 0 .5-.1.7-.3.2-.2.3-.5.3-.7s-.1-.5-.3-.7zM5.8 14.7l6.2 6.3 6.2-6.3c.2-.2.3-.5.3-.7s-.1-.5-.3-.7c-.2-.2-.4-.3-.7-.3h-11c-.3 0-.5.1-.7.3-.2.2-.3.5-.3.7s.1.5.3.7z\"\/><\/svg><\/span><\/span><\/span><\/a><\/span><\/div>\n<nav><ul class='ez-toc-list ez-toc-list-level-1 ' ><li class='ez-toc-page-1 ez-toc-heading-level-2'><a class=\"ez-toc-link ez-toc-heading-1\" href=\"https:\/\/respiramismares.com\/cursos-online\/explorando-la-vinculo-entre-la-esclerosis-multiple-y-las-emociones\/#Antes_del_Diagnostico_El_Papel_de_las_Emociones_en_el_Desarrollo_de_la_Esclerosis_Multiple\" >Antes del Diagn\u00f3stico: El Papel de las Emociones en el Desarrollo de la Esclerosis M\u00faltiple<\/a><\/li><li class='ez-toc-page-1 ez-toc-heading-level-2'><a class=\"ez-toc-link ez-toc-heading-2\" href=\"https:\/\/respiramismares.com\/cursos-online\/explorando-la-vinculo-entre-la-esclerosis-multiple-y-las-emociones\/#El_Viaje_Emocional_desde_los_Sintomas_hasta_el_Diagnostico\" >El Viaje Emocional desde los S\u00edntomas hasta el Diagn\u00f3stico<\/a><ul class='ez-toc-list-level-3' ><li class='ez-toc-heading-level-3'><a class=\"ez-toc-link ez-toc-heading-3\" href=\"https:\/\/respiramismares.com\/cursos-online\/explorando-la-vinculo-entre-la-esclerosis-multiple-y-las-emociones\/#Una_Perspectiva_desde_la_Inteligencia_Emocional\" >Una Perspectiva desde la Inteligencia Emocional<\/a><\/li><li class='ez-toc-page-1 ez-toc-heading-level-3'><a class=\"ez-toc-link ez-toc-heading-4\" href=\"https:\/\/respiramismares.com\/cursos-online\/explorando-la-vinculo-entre-la-esclerosis-multiple-y-las-emociones\/#Convertirse_en_Complice_de_las_Emociones_Un_Camino_Paralelo\" >Convertirse en C\u00f3mplice de las Emociones: Un Camino Paralelo<\/a><\/li><li class='ez-toc-page-1 ez-toc-heading-level-3'><a class=\"ez-toc-link ez-toc-heading-5\" href=\"https:\/\/respiramismares.com\/cursos-online\/explorando-la-vinculo-entre-la-esclerosis-multiple-y-las-emociones\/#El_Poder_de_la_Frase_Aceptar_Cambiar_y_Diferenciar\" >El Poder de la Frase: Aceptar, Cambiar y Diferenciar<\/a><ul class='ez-toc-list-level-4' ><li class='ez-toc-heading-level-4'><a class=\"ez-toc-link ez-toc-heading-6\" href=\"https:\/\/respiramismares.com\/cursos-online\/explorando-la-vinculo-entre-la-esclerosis-multiple-y-las-emociones\/#Claves_para_Enfrentar_Momentos_Complicados_Diagnostico_Brotes_y_Sintomas\" >Claves para Enfrentar Momentos Complicados: Diagn\u00f3stico, Brotes y S\u00edntomas<\/a><\/li><\/ul><\/li><\/ul><\/li><li class='ez-toc-page-1 ez-toc-heading-level-2'><a class=\"ez-toc-link ez-toc-heading-7\" href=\"https:\/\/respiramismares.com\/cursos-online\/explorando-la-vinculo-entre-la-esclerosis-multiple-y-las-emociones\/#Conclusion\" >Conclusi\u00f3n<\/a><\/li><\/ul><\/nav><\/div>\n<h2><span class=\"ez-toc-section\" id=\"Antes_del_Diagnostico_El_Papel_de_las_Emociones_en_el_Desarrollo_de_la_Esclerosis_Multiple\"><\/span><em>Antes del Diagn\u00f3stico: El Papel de las Emociones en el Desarrollo de la Esclerosis M\u00faltiple<\/em><span class=\"ez-toc-section-end\"><\/span><\/h2>\n<p>La relaci\u00f3n entre la esclerosis m\u00faltiple y las emociones es una traves\u00eda que comienza antes del diagn\u00f3stico. En muchos casos, se identifica un detonante emocional o una crisis psicol\u00f3gica que contribuye significativamente al desarrollo de esta compleja enfermedad autoinmune. La conexi\u00f3n entre el estado emocional y la salud f\u00edsica se evidencia claramente en este proceso.<\/p>\n<h2><span class=\"ez-toc-section\" id=\"El_Viaje_Emocional_desde_los_Sintomas_hasta_el_Diagnostico\"><\/span><em>El Viaje Emocional desde los S\u00edntomas hasta el Diagn\u00f3stico<\/em><span class=\"ez-toc-section-end\"><\/span><\/h2>\n<p>En el transcurso desde la aparici\u00f3n de los primeros s\u00edntomas hasta el impactante momento del diagn\u00f3stico, las emociones desempe\u00f1an un papel crucial. La incertidumbre, el miedo y la ansiedad suelen acompa\u00f1ar a los individuos mientras atraviesan el proceso de b\u00fasqueda de respuestas m\u00e9dicas. El momento del diagn\u00f3stico, aunque esclarecedor, tambi\u00e9n desata una cascada de emociones abrumadoras, desde la tristeza y la confusi\u00f3n hasta la ira y la negaci\u00f3n.<\/p>\n<h3><span class=\"ez-toc-section\" id=\"Una_Perspectiva_desde_la_Inteligencia_Emocional\"><\/span><em>Una Perspectiva desde la Inteligencia Emocional<\/em><span class=\"ez-toc-section-end\"><\/span><\/h3>\n<p>Personas que han experimentado la esclerosis m\u00faltiple comparten valiosas reflexiones sobre la evoluci\u00f3n en el \u00e1mbito de la inteligencia emocional. Al principio, la enfermedad puede ser percibida como una adversaria, pero con el tiempo, se aprende a transformar esta relaci\u00f3n en una de coparticipaci\u00f3n. Estos relatos resaltan la importancia de valorar aspectos fundamentales de la existencia, como la familia, en medio de los desaf\u00edos que presenta la enfermedad.<\/p>\n<h3><span class=\"ez-toc-section\" id=\"Convertirse_en_Complice_de_las_Emociones_Un_Camino_Paralelo\"><\/span><em>Convertirse en C\u00f3mplice de las Emociones: Un Camino Paralelo<\/em><span class=\"ez-toc-section-end\"><\/span><\/h3>\n<p>Aprender a ser c\u00f3mplice de las emociones se convierte en una habilidad esencial en la gesti\u00f3n de la esclerosis m\u00faltiple. La capacidad de valorar lo esencial, vivir el momento y adaptarse a las limitaciones impuestas por la enfermedad se revela como una valiosa lecci\u00f3n. La resistencia, la aceptaci\u00f3n y la solicitud de ayuda se presentan como elementos clave en este viaje de autodescubrimiento y empoderamiento.<\/p>\n<h3><span class=\"ez-toc-section\" id=\"El_Poder_de_la_Frase_Aceptar_Cambiar_y_Diferenciar\"><\/span><em>El Poder de la Frase: Aceptar, Cambiar y Diferenciar<\/em><span class=\"ez-toc-section-end\"><\/span><\/h3>\n<p>Un testimonio destaca la importancia de la oraci\u00f3n: &#8220;Dios, dame fuerza para aceptar lo que no puedo hacer, valor para cambiar lo que no funciona y sabidur\u00eda para diferenciarlas&#8221;. Esta perspectiva espiritual encuentra eco en la recomendaci\u00f3n de abrazar la inteligencia emocional como un medio para reconocer, aceptar y comprender las emociones. Esta integraci\u00f3n permite alcanzar un equilibrio mental, emocional, f\u00edsico y psicol\u00f3gico que favorece la mejora de la salud.<\/p>\n<h4><span class=\"ez-toc-section\" id=\"Claves_para_Enfrentar_Momentos_Complicados_Diagnostico_Brotes_y_Sintomas\"><\/span><em>Claves para Enfrentar Momentos Complicados: Diagn\u00f3stico, Brotes y S\u00edntomas<\/em><span class=\"ez-toc-section-end\"><\/span><\/h4>\n<p><strong>Aceptar la Enfermedad: Abriendo Puertas a la Emoci\u00f3n y Estrategia<\/strong><\/p>\n<p>Reconocer las emociones asociadas a la esclerosis m\u00faltiple no solo es un paso inicial, sino un acto de profunda autenticidad consigo mismo. La aceptaci\u00f3n de la enfermedad implica enfrentar sentimientos complejos, desde la incertidumbre hasta el miedo, pasando por la tristeza y la frustraci\u00f3n. En muchos casos, la incapacidad para identificar y expresar estas emociones contribuye al malestar emocional, creando un terreno f\u00e9rtil para la ansiedad y la desesperaci\u00f3n.<\/p>\n<p>La aceptaci\u00f3n, lejos de ser una rendici\u00f3n, se presenta como una apertura consciente hacia la comprensi\u00f3n de la nueva realidad. Permite no solo reconocer las limitaciones f\u00edsicas, sino tambi\u00e9n explorar el vasto territorio de las emociones que surgen ante la enfermedad. Este proceso de aceptaci\u00f3n no es est\u00e1tico; es din\u00e1mico y requiere tiempo y paciencia. Al dar espacio a estas emociones, se allana el camino para estrategias de afrontamiento m\u00e1s efectivas.<\/p>\n<p><strong>Reconstruir lo Vivido: Transformando Desaf\u00edos en Aprendizajes Positivos<\/strong><\/p>\n<p>Tras el valiente acto de aceptaci\u00f3n, se abre la puerta a la reconstrucci\u00f3n. Esta fase implica no solo adaptarse a las nuevas circunstancias, sino tambi\u00e9n encontrar una interpretaci\u00f3n m\u00e1s positiva de la situaci\u00f3n. Plantearse preguntas reflexivas sobre lo que se puede aprender de la experiencia y qu\u00e9 beneficios puede aportar en t\u00e9rminos de crecimiento personal se convierte en una herramienta esencial.<\/p>\n<p>La terapia y el apoyo emocional desempe\u00f1an un papel crucial en este proceso de reconstrucci\u00f3n. El acceso a profesionales que comprendan la complejidad emocional asociada a la esclerosis m\u00faltiple puede marcar la diferencia. La reconstrucci\u00f3n no solo se trata de superar obst\u00e1culos, sino de tejer una narrativa en la que la enfermedad se convierte en un elemento de transformaci\u00f3n y resiliencia.<\/p>\n\t\t<div data-elementor-type=\"section\" data-elementor-id=\"4637\" class=\"elementor elementor-4637\" data-elementor-post-type=\"elementor_library\">\n\t\t\t\t\t<section class=\"elementor-section elementor-top-section elementor-element elementor-element-40768a elementor-section-full_width elementor-section-height-default elementor-section-height-default\" data-id=\"40768a\" data-element_type=\"section\" data-e-type=\"section\" data-settings=\"{&quot;background_background&quot;:&quot;classic&quot;}\">\n\t\t\t\t\t\t<div class=\"elementor-container elementor-column-gap-default\">\n\t\t\t\t\t<div class=\"elementor-column elementor-col-100 elementor-top-column elementor-element elementor-element-1deab354\" data-id=\"1deab354\" data-element_type=\"column\" data-e-type=\"column\" data-settings=\"{&quot;background_background&quot;:&quot;classic&quot;}\">\n\t\t\t<div class=\"elementor-widget-wrap elementor-element-populated\">\n\t\t\t\t\t\t<section class=\"elementor-section elementor-inner-section elementor-element elementor-element-45d3f74a elementor-section-content-middle elementor-section-boxed elementor-section-height-default elementor-section-height-default\" data-id=\"45d3f74a\" data-element_type=\"section\" data-e-type=\"section\">\n\t\t\t\t\t\t<div class=\"elementor-container elementor-column-gap-default\">\n\t\t\t\t\t<div class=\"elementor-column elementor-col-50 elementor-inner-column elementor-element elementor-element-79921a8f\" data-id=\"79921a8f\" data-element_type=\"column\" data-e-type=\"column\">\n\t\t\t<div class=\"elementor-widget-wrap elementor-element-populated\">\n\t\t\t\t\t\t<div class=\"elementor-element elementor-element-589ae39a elementor-widget elementor-widget-heading\" data-id=\"589ae39a\" data-element_type=\"widget\" data-e-type=\"widget\" data-widget_type=\"heading.default\">\n\t\t\t\t\t<p class=\"elementor-heading-title elementor-size-default\">\u00bfListo para explorar las ra\u00edces emocionales de tus desaf\u00edos y encontrar la armon\u00eda en tu vida?<\/p>\t\t\t\t<\/div>\n\t\t\t\t<div class=\"elementor-element elementor-element-4e946b26 elementor-widget elementor-widget-text-editor\" data-id=\"4e946b26\" data-element_type=\"widget\" data-e-type=\"widget\" data-widget_type=\"text-editor.default\">\n\t\t\t\t\t<div class=\"bb-theme-elementor-wrap bb-elementor-custom-color bb-elementor-custom-size bb-elementor-mobile-custom-size bb-elementor-custom-line-height bb-elementor-mobile-custom-line-height\">\t\t\t\t<p>Descubre c\u00f3mo la biodescodificaci\u00f3n puede guiarte hacia la sanaci\u00f3n emocional y el bienestar.<\/p>\t\t\t\t<\/div>\t\t\t\t<\/div>\n\t\t\t\t<div class=\"elementor-element elementor-element-6fca84c elementor-align-center elementor-widget elementor-widget-button\" data-id=\"6fca84c\" data-element_type=\"widget\" data-e-type=\"widget\" data-widget_type=\"button.default\">\n\t\t\t\t\t\t\t\t\t\t<a class=\"elementor-button elementor-button-link elementor-size-sm\" href=\"https:\/\/api.whatsapp.com\/message\/BKNLYQ22EJ2CK1?autoload=1&#038;app_absent=0\">\n\t\t\t\t\t\t<span class=\"elementor-button-content-wrapper\">\n\t\t\t\t\t\t<span class=\"elementor-button-icon\">\n\t\t\t\t<i aria-hidden=\"true\" class=\"fab fa-whatsapp\"><\/i>\t\t\t<\/span>\n\t\t\t\t\t\t\t\t\t<span class=\"elementor-button-text\">Hacer consulta<\/span>\n\t\t\t\t\t<\/span>\n\t\t\t\t\t<\/a>\n\t\t\t\t\t\t\t\t<\/div>\n\t\t\t\t<div class=\"elementor-element elementor-element-56ae3f3 elementor-align-center elementor-widget__width-inherit elementor-widget elementor-widget-button\" data-id=\"56ae3f3\" data-element_type=\"widget\" data-e-type=\"widget\" data-widget_type=\"button.default\">\n\t\t\t\t\t\t\t\t\t\t<a class=\"elementor-button elementor-button-link elementor-size-sm\" href=\"https:\/\/calendly.com\/respiramismares\/sesion1hs\">\n\t\t\t\t\t\t<span class=\"elementor-button-content-wrapper\">\n\t\t\t\t\t\t<span class=\"elementor-button-icon\">\n\t\t\t\t<i aria-hidden=\"true\" class=\"far fa-calendar-alt\"><\/i>\t\t\t<\/span>\n\t\t\t\t\t\t\t\t\t<span class=\"elementor-button-text\">Sesi\u00f3n 1 Hora<\/span>\n\t\t\t\t\t<\/span>\n\t\t\t\t\t<\/a>\n\t\t\t\t\t\t\t\t<\/div>\n\t\t\t\t\t<\/div>\n\t\t<\/div>\n\t\t\t\t<div class=\"elementor-column elementor-col-50 elementor-inner-column elementor-element elementor-element-4d6807c6\" data-id=\"4d6807c6\" data-element_type=\"column\" data-e-type=\"column\">\n\t\t\t<div class=\"elementor-widget-wrap elementor-element-populated\">\n\t\t\t\t\t\t<div class=\"elementor-element elementor-element-a7d2bc9 elementor-widget elementor-widget-image\" data-id=\"a7d2bc9\" data-element_type=\"widget\" data-e-type=\"widget\" data-widget_type=\"image.default\">\n\t\t\t\t\t\t\t\t\t\t\t\t\t\t\t<img fetchpriority=\"high\" decoding=\"async\" width=\"590\" height=\"1024\" src=\"https:\/\/respiramismares.com\/cursos-online\/wp-content\/uploads\/2021\/01\/D01393E4-3DB9-430D-9633-DAC84D42641A-590x1024.jpeg\" class=\"attachment-large size-large wp-image-3544\" alt=\"\" srcset=\"https:\/\/respiramismares.com\/cursos-online\/wp-content\/uploads\/2021\/01\/D01393E4-3DB9-430D-9633-DAC84D42641A-590x1024.jpeg 590w, https:\/\/respiramismares.com\/cursos-online\/wp-content\/uploads\/2021\/01\/D01393E4-3DB9-430D-9633-DAC84D42641A-173x300.jpeg 173w, https:\/\/respiramismares.com\/cursos-online\/wp-content\/uploads\/2021\/01\/D01393E4-3DB9-430D-9633-DAC84D42641A-768x1333.jpeg 768w, https:\/\/respiramismares.com\/cursos-online\/wp-content\/uploads\/2021\/01\/D01393E4-3DB9-430D-9633-DAC84D42641A-885x1536.jpeg 885w, https:\/\/respiramismares.com\/cursos-online\/wp-content\/uploads\/2021\/01\/D01393E4-3DB9-430D-9633-DAC84D42641A-1180x2048.jpeg 1180w, https:\/\/respiramismares.com\/cursos-online\/wp-content\/uploads\/2021\/01\/D01393E4-3DB9-430D-9633-DAC84D42641A-624x1083.jpeg 624w, https:\/\/respiramismares.com\/cursos-online\/wp-content\/uploads\/2021\/01\/D01393E4-3DB9-430D-9633-DAC84D42641A-600x1042.jpeg 600w, https:\/\/respiramismares.com\/cursos-online\/wp-content\/uploads\/2021\/01\/D01393E4-3DB9-430D-9633-DAC84D42641A.jpeg 1284w\" sizes=\"(max-width: 590px) 100vw, 590px\" \/>\t\t\t\t\t\t\t\t\t\t\t\t\t\t\t<\/div>\n\t\t\t\t\t<\/div>\n\t\t<\/div>\n\t\t\t\t\t<\/div>\n\t\t<\/section>\n\t\t\t\t\t<\/div>\n\t\t<\/div>\n\t\t\t\t\t<\/div>\n\t\t<\/section>\n\t\t\t\t<\/div>\n\t\t\n<p><strong>Tomar Perspectiva: M\u00e1s All\u00e1 del Impacto Inmediato<\/strong><\/p>\n<p>La capacidad de tomar perspectiva es una habilidad valiosa en el viaje con la esclerosis m\u00faltiple. Esta fase implica mirar m\u00e1s all\u00e1 del impacto inmediato de la enfermedad y considerar c\u00f3mo las circunstancias afectar\u00e1n en el corto, mediano y largo plazo. Desarrollar esta perspectiva equilibrada es esencial para evitar ahogarse en un vaso de agua, permitiendo que las emociones negativas no dominen la experiencia.<\/p>\n<p>El desarrollo de habilidades para la resiliencia emocional se convierte en una herramienta invaluable en este proceso de toma de perspectiva. Esto implica cultivar una mentalidad que reconozca las dificultades pero que tambi\u00e9n sea capaz de identificar las fortalezas y oportunidades. Aprender a visualizar la vida con la esclerosis m\u00faltiple a lo largo del tiempo contribuye a construir una visi\u00f3n equilibrada y optimista del futuro.<\/p>\n<p>En resumen, aceptar la enfermedad, reconstruir lo vivido y tomar perspectiva son elementos fundamentales en la traves\u00eda emocional de quienes enfrentan la esclerosis m\u00faltiple. Estas etapas no solo permiten gestionar las emociones de manera m\u00e1s saludable, sino que tambi\u00e9n brindan las bases para construir una vida plena y significativa, a pesar de los desaf\u00edos que presenta la enfermedad.<\/p>\n<h2><span class=\"ez-toc-section\" id=\"Conclusion\"><\/span>Conclusi\u00f3n<span class=\"ez-toc-section-end\"><\/span><\/h2>\n<p>En conclusi\u00f3n, la relaci\u00f3n entre la esclerosis m\u00faltiple y las emociones es compleja y multifac\u00e9tica. La clave radica en desarrollar la inteligencia emocional y adoptar estrategias espec\u00edficas para gestionar de manera saludable las emociones en cada fase del viaje con esta enfermedad. Este enfoque integral no solo promueve el bienestar emocional, sino que tambi\u00e9n impacta positivamente en la calidad de vida de quienes enfrentan la esclerosis m\u00faltiple.<\/p>\n<\/div>\n<\/div>\n<\/div>\n<\/div>\n<\/div>\n<\/div>\n<\/div>\n<\/div>\n<\/div>\n<\/div>\n","protected":false},"excerpt":{"rendered":"<p>Antes del Diagn\u00f3stico: El Papel de las Emociones en el Desarrollo de la Esclerosis M\u00faltiple La relaci\u00f3n entre la esclerosis m\u00faltiple y las emociones es&hellip;<\/p>\n","protected":false},"author":1,"featured_media":4690,"comment_status":"closed","ping_status":"closed","sticky":false,"template":"","format":"standard","meta":{"footnotes":""},"categories":[87],"tags":[],"class_list":["post-4689","post","type-post","status-publish","format-standard","has-post-thumbnail","hentry","category-terapias-holistica"],"yoast_head":"<!-- This site is optimized with the Yoast SEO plugin v27.3 - https:\/\/yoast.com\/product\/yoast-seo-wordpress\/ -->\n<title>Explorando la V\u00ednculo entre la Esclerosis M\u00faltiple y las Emociones - Respira Mis Mares<\/title>\n<meta name=\"robots\" content=\"index, follow, max-snippet:-1, max-image-preview:large, max-video-preview:-1\" \/>\n<link rel=\"canonical\" href=\"https:\/\/respiramismares.com\/cursos-online\/explorando-la-vinculo-entre-la-esclerosis-multiple-y-las-emociones\/\" \/>\n<meta property=\"og:locale\" content=\"es_ES\" \/>\n<meta property=\"og:type\" content=\"article\" \/>\n<meta property=\"og:title\" content=\"Explorando la V\u00ednculo entre la Esclerosis M\u00faltiple y las Emociones - Respira Mis Mares\" \/>\n<meta property=\"og:description\" content=\"Antes del Diagn\u00f3stico: El Papel de las Emociones en el Desarrollo de la Esclerosis M\u00faltiple La relaci\u00f3n entre la esclerosis m\u00faltiple y las emociones es&hellip;\" \/>\n<meta property=\"og:url\" content=\"https:\/\/respiramismares.com\/cursos-online\/explorando-la-vinculo-entre-la-esclerosis-multiple-y-las-emociones\/\" \/>\n<meta property=\"og:site_name\" content=\"Respira Mis Mares\" \/>\n<meta property=\"article:publisher\" content=\"https:\/\/www.facebook.com\/respiramismares\/\" \/>\n<meta property=\"article:published_time\" content=\"2023-12-21T13:41:57+00:00\" \/>\n<meta property=\"article:modified_time\" content=\"2023-12-21T13:47:36+00:00\" \/>\n<meta property=\"og:image\" content=\"https:\/\/respiramismares.com\/cursos-online\/wp-content\/uploads\/2023\/12\/05f9ffe7-7300-48cf-bd02-64c1bbcbf006.jpg\" \/>\n\t<meta property=\"og:image:width\" content=\"1024\" \/>\n\t<meta property=\"og:image:height\" content=\"1024\" \/>\n\t<meta property=\"og:image:type\" content=\"image\/jpeg\" \/>\n<meta name=\"author\" content=\"Camila Fern\u00e1ndez\" \/>\n<meta name=\"twitter:card\" content=\"summary_large_image\" \/>\n<script type=\"application\/ld+json\" class=\"yoast-schema-graph\">{\"@context\":\"https:\\\/\\\/schema.org\",\"@graph\":[{\"@type\":\"Article\",\"@id\":\"https:\\\/\\\/respiramismares.com\\\/cursos-online\\\/explorando-la-vinculo-entre-la-esclerosis-multiple-y-las-emociones\\\/#article\",\"isPartOf\":{\"@id\":\"https:\\\/\\\/respiramismares.com\\\/cursos-online\\\/explorando-la-vinculo-entre-la-esclerosis-multiple-y-las-emociones\\\/\"},\"author\":{\"name\":\"Camila Fern\u00e1ndez\",\"@id\":\"https:\\\/\\\/respiramismares.com\\\/cursos-online\\\/#\\\/schema\\\/person\\\/b2b75b6615493504f6d70f253d83ca23\"},\"headline\":\"Explorando la V\u00ednculo entre la Esclerosis M\u00faltiple y las Emociones\",\"datePublished\":\"2023-12-21T13:41:57+00:00\",\"dateModified\":\"2023-12-21T13:47:36+00:00\",\"mainEntityOfPage\":{\"@id\":\"https:\\\/\\\/respiramismares.com\\\/cursos-online\\\/explorando-la-vinculo-entre-la-esclerosis-multiple-y-las-emociones\\\/\"},\"wordCount\":1030,\"publisher\":{\"@id\":\"https:\\\/\\\/respiramismares.com\\\/cursos-online\\\/#organization\"},\"image\":{\"@id\":\"https:\\\/\\\/respiramismares.com\\\/cursos-online\\\/explorando-la-vinculo-entre-la-esclerosis-multiple-y-las-emociones\\\/#primaryimage\"},\"thumbnailUrl\":\"https:\\\/\\\/respiramismares.com\\\/cursos-online\\\/wp-content\\\/uploads\\\/2023\\\/12\\\/05f9ffe7-7300-48cf-bd02-64c1bbcbf006.jpg\",\"articleSection\":[\"Terapias hol\u00edstica\"],\"inLanguage\":\"es\"},{\"@type\":\"WebPage\",\"@id\":\"https:\\\/\\\/respiramismares.com\\\/cursos-online\\\/explorando-la-vinculo-entre-la-esclerosis-multiple-y-las-emociones\\\/\",\"url\":\"https:\\\/\\\/respiramismares.com\\\/cursos-online\\\/explorando-la-vinculo-entre-la-esclerosis-multiple-y-las-emociones\\\/\",\"name\":\"Explorando la V\u00ednculo entre la Esclerosis M\u00faltiple y las Emociones - Respira Mis Mares\",\"isPartOf\":{\"@id\":\"https:\\\/\\\/respiramismares.com\\\/cursos-online\\\/#website\"},\"primaryImageOfPage\":{\"@id\":\"https:\\\/\\\/respiramismares.com\\\/cursos-online\\\/explorando-la-vinculo-entre-la-esclerosis-multiple-y-las-emociones\\\/#primaryimage\"},\"image\":{\"@id\":\"https:\\\/\\\/respiramismares.com\\\/cursos-online\\\/explorando-la-vinculo-entre-la-esclerosis-multiple-y-las-emociones\\\/#primaryimage\"},\"thumbnailUrl\":\"https:\\\/\\\/respiramismares.com\\\/cursos-online\\\/wp-content\\\/uploads\\\/2023\\\/12\\\/05f9ffe7-7300-48cf-bd02-64c1bbcbf006.jpg\",\"datePublished\":\"2023-12-21T13:41:57+00:00\",\"dateModified\":\"2023-12-21T13:47:36+00:00\",\"breadcrumb\":{\"@id\":\"https:\\\/\\\/respiramismares.com\\\/cursos-online\\\/explorando-la-vinculo-entre-la-esclerosis-multiple-y-las-emociones\\\/#breadcrumb\"},\"inLanguage\":\"es\",\"potentialAction\":[{\"@type\":\"ReadAction\",\"target\":[\"https:\\\/\\\/respiramismares.com\\\/cursos-online\\\/explorando-la-vinculo-entre-la-esclerosis-multiple-y-las-emociones\\\/\"]}]},{\"@type\":\"ImageObject\",\"inLanguage\":\"es\",\"@id\":\"https:\\\/\\\/respiramismares.com\\\/cursos-online\\\/explorando-la-vinculo-entre-la-esclerosis-multiple-y-las-emociones\\\/#primaryimage\",\"url\":\"https:\\\/\\\/respiramismares.com\\\/cursos-online\\\/wp-content\\\/uploads\\\/2023\\\/12\\\/05f9ffe7-7300-48cf-bd02-64c1bbcbf006.jpg\",\"contentUrl\":\"https:\\\/\\\/respiramismares.com\\\/cursos-online\\\/wp-content\\\/uploads\\\/2023\\\/12\\\/05f9ffe7-7300-48cf-bd02-64c1bbcbf006.jpg\",\"width\":1024,\"height\":1024},{\"@type\":\"BreadcrumbList\",\"@id\":\"https:\\\/\\\/respiramismares.com\\\/cursos-online\\\/explorando-la-vinculo-entre-la-esclerosis-multiple-y-las-emociones\\\/#breadcrumb\",\"itemListElement\":[{\"@type\":\"ListItem\",\"position\":1,\"name\":\"Home\",\"item\":\"https:\\\/\\\/respiramismares.com\\\/cursos-online\\\/\"},{\"@type\":\"ListItem\",\"position\":2,\"name\":\"Explorando la V\u00ednculo entre la Esclerosis M\u00faltiple y las Emociones\"}]},{\"@type\":\"WebSite\",\"@id\":\"https:\\\/\\\/respiramismares.com\\\/cursos-online\\\/#website\",\"url\":\"https:\\\/\\\/respiramismares.com\\\/cursos-online\\\/\",\"name\":\"Respira Mis Mares\",\"description\":\"Camila Fern\u00e1ndez\",\"publisher\":{\"@id\":\"https:\\\/\\\/respiramismares.com\\\/cursos-online\\\/#organization\"},\"alternateName\":\"Camila Fern\u00e1ndez - Psicoterapeuta Cu\u00e1ntica y Gu\u00eda Bienestar mental, emocional y espiritual\",\"potentialAction\":[{\"@type\":\"SearchAction\",\"target\":{\"@type\":\"EntryPoint\",\"urlTemplate\":\"https:\\\/\\\/respiramismares.com\\\/cursos-online\\\/?s={search_term_string}\"},\"query-input\":{\"@type\":\"PropertyValueSpecification\",\"valueRequired\":true,\"valueName\":\"search_term_string\"}}],\"inLanguage\":\"es\"},{\"@type\":\"Organization\",\"@id\":\"https:\\\/\\\/respiramismares.com\\\/cursos-online\\\/#organization\",\"name\":\"Respira Mis Mares\",\"alternateName\":\"Camila Fern\u00e1ndez - Psicoterapeuta Cu\u00e1ntica y Gu\u00eda Bienestar mental, emocional y espiritual\",\"url\":\"https:\\\/\\\/respiramismares.com\\\/cursos-online\\\/\",\"logo\":{\"@type\":\"ImageObject\",\"inLanguage\":\"es\",\"@id\":\"https:\\\/\\\/respiramismares.com\\\/cursos-online\\\/#\\\/schema\\\/logo\\\/image\\\/\",\"url\":\"https:\\\/\\\/respiramismares.com\\\/cursos-online\\\/wp-content\\\/uploads\\\/2021\\\/01\\\/logop2.png\",\"contentUrl\":\"https:\\\/\\\/respiramismares.com\\\/cursos-online\\\/wp-content\\\/uploads\\\/2021\\\/01\\\/logop2.png\",\"width\":972,\"height\":259,\"caption\":\"Respira Mis Mares\"},\"image\":{\"@id\":\"https:\\\/\\\/respiramismares.com\\\/cursos-online\\\/#\\\/schema\\\/logo\\\/image\\\/\"},\"sameAs\":[\"https:\\\/\\\/www.facebook.com\\\/respiramismares\\\/\",\"https:\\\/\\\/www.instagram.com\\\/respiramismares\\\/\"]},{\"@type\":\"Person\",\"@id\":\"https:\\\/\\\/respiramismares.com\\\/cursos-online\\\/#\\\/schema\\\/person\\\/b2b75b6615493504f6d70f253d83ca23\",\"name\":\"Camila Fern\u00e1ndez\",\"image\":{\"@type\":\"ImageObject\",\"inLanguage\":\"es\",\"@id\":\"https:\\\/\\\/respiramismares.com\\\/cursos-online\\\/wp-content\\\/uploads\\\/avatars\\\/1\\\/6411fba5a7d8d-bpthumb.png\",\"url\":\"https:\\\/\\\/respiramismares.com\\\/cursos-online\\\/wp-content\\\/uploads\\\/avatars\\\/1\\\/6411fba5a7d8d-bpthumb.png\",\"contentUrl\":\"https:\\\/\\\/respiramismares.com\\\/cursos-online\\\/wp-content\\\/uploads\\\/avatars\\\/1\\\/6411fba5a7d8d-bpthumb.png\",\"caption\":\"Camila Fern\u00e1ndez\"},\"sameAs\":[\"https:\\\/\\\/respiramismares.com\\\/cursos-online\"]}]}<\/script>\n<!-- \/ Yoast SEO plugin. -->","yoast_head_json":{"title":"Explorando la V\u00ednculo entre la Esclerosis M\u00faltiple y las Emociones - Respira Mis Mares","robots":{"index":"index","follow":"follow","max-snippet":"max-snippet:-1","max-image-preview":"max-image-preview:large","max-video-preview":"max-video-preview:-1"},"canonical":"https:\/\/respiramismares.com\/cursos-online\/explorando-la-vinculo-entre-la-esclerosis-multiple-y-las-emociones\/","og_locale":"es_ES","og_type":"article","og_title":"Explorando la V\u00ednculo entre la Esclerosis M\u00faltiple y las Emociones - Respira Mis Mares","og_description":"Antes del Diagn\u00f3stico: El Papel de las Emociones en el Desarrollo de la Esclerosis M\u00faltiple La relaci\u00f3n entre la esclerosis m\u00faltiple y las emociones es&hellip;","og_url":"https:\/\/respiramismares.com\/cursos-online\/explorando-la-vinculo-entre-la-esclerosis-multiple-y-las-emociones\/","og_site_name":"Respira Mis Mares","article_publisher":"https:\/\/www.facebook.com\/respiramismares\/","article_published_time":"2023-12-21T13:41:57+00:00","article_modified_time":"2023-12-21T13:47:36+00:00","og_image":[{"width":1024,"height":1024,"url":"https:\/\/respiramismares.com\/cursos-online\/wp-content\/uploads\/2023\/12\/05f9ffe7-7300-48cf-bd02-64c1bbcbf006.jpg","type":"image\/jpeg"}],"author":"Camila Fern\u00e1ndez","twitter_card":"summary_large_image","schema":{"@context":"https:\/\/schema.org","@graph":[{"@type":"Article","@id":"https:\/\/respiramismares.com\/cursos-online\/explorando-la-vinculo-entre-la-esclerosis-multiple-y-las-emociones\/#article","isPartOf":{"@id":"https:\/\/respiramismares.com\/cursos-online\/explorando-la-vinculo-entre-la-esclerosis-multiple-y-las-emociones\/"},"author":{"name":"Camila Fern\u00e1ndez","@id":"https:\/\/respiramismares.com\/cursos-online\/#\/schema\/person\/b2b75b6615493504f6d70f253d83ca23"},"headline":"Explorando la V\u00ednculo entre la Esclerosis M\u00faltiple y las Emociones","datePublished":"2023-12-21T13:41:57+00:00","dateModified":"2023-12-21T13:47:36+00:00","mainEntityOfPage":{"@id":"https:\/\/respiramismares.com\/cursos-online\/explorando-la-vinculo-entre-la-esclerosis-multiple-y-las-emociones\/"},"wordCount":1030,"publisher":{"@id":"https:\/\/respiramismares.com\/cursos-online\/#organization"},"image":{"@id":"https:\/\/respiramismares.com\/cursos-online\/explorando-la-vinculo-entre-la-esclerosis-multiple-y-las-emociones\/#primaryimage"},"thumbnailUrl":"https:\/\/respiramismares.com\/cursos-online\/wp-content\/uploads\/2023\/12\/05f9ffe7-7300-48cf-bd02-64c1bbcbf006.jpg","articleSection":["Terapias hol\u00edstica"],"inLanguage":"es"},{"@type":"WebPage","@id":"https:\/\/respiramismares.com\/cursos-online\/explorando-la-vinculo-entre-la-esclerosis-multiple-y-las-emociones\/","url":"https:\/\/respiramismares.com\/cursos-online\/explorando-la-vinculo-entre-la-esclerosis-multiple-y-las-emociones\/","name":"Explorando la V\u00ednculo entre la Esclerosis M\u00faltiple y las Emociones - Respira Mis Mares","isPartOf":{"@id":"https:\/\/respiramismares.com\/cursos-online\/#website"},"primaryImageOfPage":{"@id":"https:\/\/respiramismares.com\/cursos-online\/explorando-la-vinculo-entre-la-esclerosis-multiple-y-las-emociones\/#primaryimage"},"image":{"@id":"https:\/\/respiramismares.com\/cursos-online\/explorando-la-vinculo-entre-la-esclerosis-multiple-y-las-emociones\/#primaryimage"},"thumbnailUrl":"https:\/\/respiramismares.com\/cursos-online\/wp-content\/uploads\/2023\/12\/05f9ffe7-7300-48cf-bd02-64c1bbcbf006.jpg","datePublished":"2023-12-21T13:41:57+00:00","dateModified":"2023-12-21T13:47:36+00:00","breadcrumb":{"@id":"https:\/\/respiramismares.com\/cursos-online\/explorando-la-vinculo-entre-la-esclerosis-multiple-y-las-emociones\/#breadcrumb"},"inLanguage":"es","potentialAction":[{"@type":"ReadAction","target":["https:\/\/respiramismares.com\/cursos-online\/explorando-la-vinculo-entre-la-esclerosis-multiple-y-las-emociones\/"]}]},{"@type":"ImageObject","inLanguage":"es","@id":"https:\/\/respiramismares.com\/cursos-online\/explorando-la-vinculo-entre-la-esclerosis-multiple-y-las-emociones\/#primaryimage","url":"https:\/\/respiramismares.com\/cursos-online\/wp-content\/uploads\/2023\/12\/05f9ffe7-7300-48cf-bd02-64c1bbcbf006.jpg","contentUrl":"https:\/\/respiramismares.com\/cursos-online\/wp-content\/uploads\/2023\/12\/05f9ffe7-7300-48cf-bd02-64c1bbcbf006.jpg","width":1024,"height":1024},{"@type":"BreadcrumbList","@id":"https:\/\/respiramismares.com\/cursos-online\/explorando-la-vinculo-entre-la-esclerosis-multiple-y-las-emociones\/#breadcrumb","itemListElement":[{"@type":"ListItem","position":1,"name":"Home","item":"https:\/\/respiramismares.com\/cursos-online\/"},{"@type":"ListItem","position":2,"name":"Explorando la V\u00ednculo entre la Esclerosis M\u00faltiple y las Emociones"}]},{"@type":"WebSite","@id":"https:\/\/respiramismares.com\/cursos-online\/#website","url":"https:\/\/respiramismares.com\/cursos-online\/","name":"Respira Mis Mares","description":"Camila Fern\u00e1ndez","publisher":{"@id":"https:\/\/respiramismares.com\/cursos-online\/#organization"},"alternateName":"Camila Fern\u00e1ndez - Psicoterapeuta Cu\u00e1ntica y Gu\u00eda Bienestar mental, emocional y espiritual","potentialAction":[{"@type":"SearchAction","target":{"@type":"EntryPoint","urlTemplate":"https:\/\/respiramismares.com\/cursos-online\/?s={search_term_string}"},"query-input":{"@type":"PropertyValueSpecification","valueRequired":true,"valueName":"search_term_string"}}],"inLanguage":"es"},{"@type":"Organization","@id":"https:\/\/respiramismares.com\/cursos-online\/#organization","name":"Respira Mis Mares","alternateName":"Camila Fern\u00e1ndez - Psicoterapeuta Cu\u00e1ntica y Gu\u00eda Bienestar mental, emocional y espiritual","url":"https:\/\/respiramismares.com\/cursos-online\/","logo":{"@type":"ImageObject","inLanguage":"es","@id":"https:\/\/respiramismares.com\/cursos-online\/#\/schema\/logo\/image\/","url":"https:\/\/respiramismares.com\/cursos-online\/wp-content\/uploads\/2021\/01\/logop2.png","contentUrl":"https:\/\/respiramismares.com\/cursos-online\/wp-content\/uploads\/2021\/01\/logop2.png","width":972,"height":259,"caption":"Respira Mis Mares"},"image":{"@id":"https:\/\/respiramismares.com\/cursos-online\/#\/schema\/logo\/image\/"},"sameAs":["https:\/\/www.facebook.com\/respiramismares\/","https:\/\/www.instagram.com\/respiramismares\/"]},{"@type":"Person","@id":"https:\/\/respiramismares.com\/cursos-online\/#\/schema\/person\/b2b75b6615493504f6d70f253d83ca23","name":"Camila Fern\u00e1ndez","image":{"@type":"ImageObject","inLanguage":"es","@id":"https:\/\/respiramismares.com\/cursos-online\/wp-content\/uploads\/avatars\/1\/6411fba5a7d8d-bpthumb.png","url":"https:\/\/respiramismares.com\/cursos-online\/wp-content\/uploads\/avatars\/1\/6411fba5a7d8d-bpthumb.png","contentUrl":"https:\/\/respiramismares.com\/cursos-online\/wp-content\/uploads\/avatars\/1\/6411fba5a7d8d-bpthumb.png","caption":"Camila Fern\u00e1ndez"},"sameAs":["https:\/\/respiramismares.com\/cursos-online"]}]}},"_links":{"self":[{"href":"https:\/\/respiramismares.com\/cursos-online\/wp-json\/wp\/v2\/posts\/4689","targetHints":{"allow":["GET"]}}],"collection":[{"href":"https:\/\/respiramismares.com\/cursos-online\/wp-json\/wp\/v2\/posts"}],"about":[{"href":"https:\/\/respiramismares.com\/cursos-online\/wp-json\/wp\/v2\/types\/post"}],"author":[{"embeddable":true,"href":"https:\/\/respiramismares.com\/cursos-online\/wp-json\/wp\/v2\/users\/1"}],"replies":[{"embeddable":true,"href":"https:\/\/respiramismares.com\/cursos-online\/wp-json\/wp\/v2\/comments?post=4689"}],"version-history":[{"count":2,"href":"https:\/\/respiramismares.com\/cursos-online\/wp-json\/wp\/v2\/posts\/4689\/revisions"}],"predecessor-version":[{"id":4693,"href":"https:\/\/respiramismares.com\/cursos-online\/wp-json\/wp\/v2\/posts\/4689\/revisions\/4693"}],"wp:featuredmedia":[{"embeddable":true,"href":"https:\/\/respiramismares.com\/cursos-online\/wp-json\/wp\/v2\/media\/4690"}],"wp:attachment":[{"href":"https:\/\/respiramismares.com\/cursos-online\/wp-json\/wp\/v2\/media?parent=4689"}],"wp:term":[{"taxonomy":"category","embeddable":true,"href":"https:\/\/respiramismares.com\/cursos-online\/wp-json\/wp\/v2\/categories?post=4689"},{"taxonomy":"post_tag","embeddable":true,"href":"https:\/\/respiramismares.com\/cursos-online\/wp-json\/wp\/v2\/tags?post=4689"}],"curies":[{"name":"wp","href":"https:\/\/api.w.org\/{rel}","templated":true}]}}