{"id":4663,"date":"2023-12-06T12:49:49","date_gmt":"2023-12-06T12:49:49","guid":{"rendered":"https:\/\/respiramismares.com\/cursos-online\/?p=4663"},"modified":"2023-12-06T13:35:39","modified_gmt":"2023-12-06T13:35:39","slug":"la-piel-un-organo-complejo-con-historia","status":"publish","type":"post","link":"https:\/\/respiramismares.com\/cursos-online\/la-piel-un-organo-complejo-con-historia\/","title":{"rendered":"La Piel, un \u00d3rgano Complejo con Historia"},"content":{"rendered":"<div id=\"ez-toc-container\" class=\"ez-toc-v2_0_82_2 counter-hierarchy ez-toc-counter ez-toc-grey ez-toc-container-direction\">\n<div class=\"ez-toc-title-container\">\n<p class=\"ez-toc-title\" style=\"cursor:inherit\">\u00cdndice de contenido<\/p>\n<span class=\"ez-toc-title-toggle\"><a href=\"#\" class=\"ez-toc-pull-right ez-toc-btn ez-toc-btn-xs ez-toc-btn-default ez-toc-toggle\" aria-label=\"Alternar tabla de contenidos\"><span class=\"ez-toc-js-icon-con\"><span class=\"\"><span class=\"eztoc-hide\" style=\"display:none;\">Toggle<\/span><span class=\"ez-toc-icon-toggle-span\"><svg style=\"fill: #999;color:#999\" xmlns=\"http:\/\/www.w3.org\/2000\/svg\" class=\"list-377408\" width=\"20px\" height=\"20px\" viewBox=\"0 0 24 24\" fill=\"none\"><path d=\"M6 6H4v2h2V6zm14 0H8v2h12V6zM4 11h2v2H4v-2zm16 0H8v2h12v-2zM4 16h2v2H4v-2zm16 0H8v2h12v-2z\" fill=\"currentColor\"><\/path><\/svg><svg style=\"fill: #999;color:#999\" class=\"arrow-unsorted-368013\" xmlns=\"http:\/\/www.w3.org\/2000\/svg\" width=\"10px\" height=\"10px\" viewBox=\"0 0 24 24\" version=\"1.2\" baseProfile=\"tiny\"><path d=\"M18.2 9.3l-6.2-6.3-6.2 6.3c-.2.2-.3.4-.3.7s.1.5.3.7c.2.2.4.3.7.3h11c.3 0 .5-.1.7-.3.2-.2.3-.5.3-.7s-.1-.5-.3-.7zM5.8 14.7l6.2 6.3 6.2-6.3c.2-.2.3-.5.3-.7s-.1-.5-.3-.7c-.2-.2-.4-.3-.7-.3h-11c-.3 0-.5.1-.7.3-.2.2-.3.5-.3.7s.1.5.3.7z\"\/><\/svg><\/span><\/span><\/span><\/a><\/span><\/div>\n<nav><ul class='ez-toc-list ez-toc-list-level-1 ' ><li class='ez-toc-page-1 ez-toc-heading-level-2'><a class=\"ez-toc-link ez-toc-heading-1\" href=\"https:\/\/respiramismares.com\/cursos-online\/la-piel-un-organo-complejo-con-historia\/#Razon_Biologica_del_Tamano_de_la_Piel\" >Raz\u00f3n Biol\u00f3gica del Tama\u00f1o de la Piel<\/a><ul class='ez-toc-list-level-3' ><li class='ez-toc-heading-level-3'><a class=\"ez-toc-link ez-toc-heading-2\" href=\"https:\/\/respiramismares.com\/cursos-online\/la-piel-un-organo-complejo-con-historia\/#Funciones_Sensoriales_y_Emocionales_de_la_Piel\" >Funciones Sensoriales y Emocionales de la Piel<\/a><\/li><li class='ez-toc-page-1 ez-toc-heading-level-3'><a class=\"ez-toc-link ez-toc-heading-3\" href=\"https:\/\/respiramismares.com\/cursos-online\/la-piel-un-organo-complejo-con-historia\/#La_Piel_como_Indicador_de_Conflictos\" >La Piel como Indicador de Conflictos<\/a><\/li><\/ul><\/li><li class='ez-toc-page-1 ez-toc-heading-level-2'><a class=\"ez-toc-link ez-toc-heading-4\" href=\"https:\/\/respiramismares.com\/cursos-online\/la-piel-un-organo-complejo-con-historia\/#La_Piel_Nuestro_Primer_Pergamino\" >La Piel: Nuestro Primer Pergamino<\/a><ul class='ez-toc-list-level-3' ><li class='ez-toc-heading-level-3'><a class=\"ez-toc-link ez-toc-heading-5\" href=\"https:\/\/respiramismares.com\/cursos-online\/la-piel-un-organo-complejo-con-historia\/#La_Metafora_de_la_Piel_como_Libro_de_Vida\" >La Met\u00e1fora de la Piel como Libro de Vida<\/a><\/li><li class='ez-toc-page-1 ez-toc-heading-level-3'><a class=\"ez-toc-link ez-toc-heading-6\" href=\"https:\/\/respiramismares.com\/cursos-online\/la-piel-un-organo-complejo-con-historia\/#Importancia_Simbolica_de_las_Marcas_en_la_Piel\" >Importancia Simb\u00f3lica de las Marcas en la Piel<\/a><ul class='ez-toc-list-level-4' ><li class='ez-toc-heading-level-4'><a class=\"ez-toc-link ez-toc-heading-7\" href=\"https:\/\/respiramismares.com\/cursos-online\/la-piel-un-organo-complejo-con-historia\/#Anotaciones_y_Escrituras_en_la_Piel_durante_la_Infancia\" >Anotaciones y Escrituras en la Piel durante la Infancia<\/a><\/li><li class='ez-toc-page-1 ez-toc-heading-level-4'><a class=\"ez-toc-link ez-toc-heading-8\" href=\"https:\/\/respiramismares.com\/cursos-online\/la-piel-un-organo-complejo-con-historia\/#La_Piel_como_Mensajero_de_Conflictos_Biologicos\" >La Piel como Mensajero de Conflictos Biol\u00f3gicos<\/a><\/li><li class='ez-toc-page-1 ez-toc-heading-level-4'><a class=\"ez-toc-link ez-toc-heading-9\" href=\"https:\/\/respiramismares.com\/cursos-online\/la-piel-un-organo-complejo-con-historia\/#La_Piel_como_Diario_Fragil_y_Perecedero\" >La Piel como Diario Fr\u00e1gil y Perecedero<\/a><\/li><li class='ez-toc-page-1 ez-toc-heading-level-4'><a class=\"ez-toc-link ez-toc-heading-10\" href=\"https:\/\/respiramismares.com\/cursos-online\/la-piel-un-organo-complejo-con-historia\/#Escribir_sobre_el_Cuerpo_y_Marcar_el_Tiempo\" >Escribir sobre el Cuerpo y Marcar el Tiempo<\/a><\/li><li class='ez-toc-page-1 ez-toc-heading-level-4'><a class=\"ez-toc-link ez-toc-heading-11\" href=\"https:\/\/respiramismares.com\/cursos-online\/la-piel-un-organo-complejo-con-historia\/#El_Significado_Profundo_de_las_Anotaciones_en_la_Piel\" >El Significado Profundo de las Anotaciones en la Piel<\/a><\/li><\/ul><\/li><\/ul><\/li><li class='ez-toc-page-1 ez-toc-heading-level-2'><a class=\"ez-toc-link ez-toc-heading-12\" href=\"https:\/\/respiramismares.com\/cursos-online\/la-piel-un-organo-complejo-con-historia\/#Afecciones_de_Piel_y_Sus_Conflictos_Biologicos\" >Afecciones de Piel y Sus Conflictos Biol\u00f3gicos<\/a><ul class='ez-toc-list-level-3' ><li class='ez-toc-heading-level-3'><a class=\"ez-toc-link ez-toc-heading-13\" href=\"https:\/\/respiramismares.com\/cursos-online\/la-piel-un-organo-complejo-con-historia\/#Acne\" >Acn\u00e9<\/a><ul class='ez-toc-list-level-4' ><li class='ez-toc-heading-level-4'><a class=\"ez-toc-link ez-toc-heading-14\" href=\"https:\/\/respiramismares.com\/cursos-online\/la-piel-un-organo-complejo-con-historia\/#Descripcion\" >Descripci\u00f3n<\/a><\/li><li class='ez-toc-page-1 ez-toc-heading-level-4'><a class=\"ez-toc-link ez-toc-heading-15\" href=\"https:\/\/respiramismares.com\/cursos-online\/la-piel-un-organo-complejo-con-historia\/#Conflictos_Biologicos\" >Conflictos Biol\u00f3gicos<\/a><\/li><\/ul><\/li><li class='ez-toc-page-1 ez-toc-heading-level-3'><a class=\"ez-toc-link ez-toc-heading-16\" href=\"https:\/\/respiramismares.com\/cursos-online\/la-piel-un-organo-complejo-con-historia\/#Dermatitis_Atopica\" >Dermatitis At\u00f3pica<\/a><ul class='ez-toc-list-level-4' ><li class='ez-toc-heading-level-4'><a class=\"ez-toc-link ez-toc-heading-17\" href=\"https:\/\/respiramismares.com\/cursos-online\/la-piel-un-organo-complejo-con-historia\/#Descripcion-2\" >Descripci\u00f3n<\/a><\/li><li class='ez-toc-page-1 ez-toc-heading-level-4'><a class=\"ez-toc-link ez-toc-heading-18\" href=\"https:\/\/respiramismares.com\/cursos-online\/la-piel-un-organo-complejo-con-historia\/#Conflictos_Biologicos-2\" >Conflictos Biol\u00f3gicos<\/a><\/li><li class='ez-toc-page-1 ez-toc-heading-level-4'><a class=\"ez-toc-link ez-toc-heading-19\" href=\"https:\/\/respiramismares.com\/cursos-online\/la-piel-un-organo-complejo-con-historia\/#Partes_del_Cuerpo_Afectadas\" >Partes del Cuerpo Afectadas<\/a><\/li><li class='ez-toc-page-1 ez-toc-heading-level-4'><a class=\"ez-toc-link ez-toc-heading-20\" href=\"https:\/\/respiramismares.com\/cursos-online\/la-piel-un-organo-complejo-con-historia\/#Ejemplo\" >Ejemplo<\/a><\/li><\/ul><\/li><li class='ez-toc-page-1 ez-toc-heading-level-3'><a class=\"ez-toc-link ez-toc-heading-21\" href=\"https:\/\/respiramismares.com\/cursos-online\/la-piel-un-organo-complejo-con-historia\/#Psoriasis\" >Psoriasis<\/a><ul class='ez-toc-list-level-4' ><li class='ez-toc-heading-level-4'><a class=\"ez-toc-link ez-toc-heading-22\" href=\"https:\/\/respiramismares.com\/cursos-online\/la-piel-un-organo-complejo-con-historia\/#Descripcion-3\" >Descripci\u00f3n<\/a><\/li><li class='ez-toc-page-1 ez-toc-heading-level-4'><a class=\"ez-toc-link ez-toc-heading-23\" href=\"https:\/\/respiramismares.com\/cursos-online\/la-piel-un-organo-complejo-con-historia\/#Conflictos_Biologicos-3\" >Conflictos Biol\u00f3gicos<\/a><\/li><li class='ez-toc-page-1 ez-toc-heading-level-4'><a class=\"ez-toc-link ez-toc-heading-24\" href=\"https:\/\/respiramismares.com\/cursos-online\/la-piel-un-organo-complejo-con-historia\/#Efecto_Psicologico\" >Efecto Psicol\u00f3gico<\/a><\/li><\/ul><\/li><li class='ez-toc-page-1 ez-toc-heading-level-3'><a class=\"ez-toc-link ez-toc-heading-25\" href=\"https:\/\/respiramismares.com\/cursos-online\/la-piel-un-organo-complejo-con-historia\/#Urticaria\" >Urticaria<\/a><ul class='ez-toc-list-level-4' ><li class='ez-toc-heading-level-4'><a class=\"ez-toc-link ez-toc-heading-26\" href=\"https:\/\/respiramismares.com\/cursos-online\/la-piel-un-organo-complejo-con-historia\/#Descripcion-4\" >Descripci\u00f3n<\/a><\/li><li class='ez-toc-page-1 ez-toc-heading-level-4'><a class=\"ez-toc-link ez-toc-heading-27\" href=\"https:\/\/respiramismares.com\/cursos-online\/la-piel-un-organo-complejo-con-historia\/#Conflictos_Biologicos-4\" >Conflictos Biol\u00f3gicos<\/a><\/li><\/ul><\/li><li class='ez-toc-page-1 ez-toc-heading-level-3'><a class=\"ez-toc-link ez-toc-heading-28\" href=\"https:\/\/respiramismares.com\/cursos-online\/la-piel-un-organo-complejo-con-historia\/#Rosacea\" >Ros\u00e1cea<\/a><ul class='ez-toc-list-level-4' ><li class='ez-toc-heading-level-4'><a class=\"ez-toc-link ez-toc-heading-29\" href=\"https:\/\/respiramismares.com\/cursos-online\/la-piel-un-organo-complejo-con-historia\/#Descripcion-5\" >Descripci\u00f3n<\/a><\/li><li class='ez-toc-page-1 ez-toc-heading-level-4'><a class=\"ez-toc-link ez-toc-heading-30\" href=\"https:\/\/respiramismares.com\/cursos-online\/la-piel-un-organo-complejo-con-historia\/#Conflictos_Biologicos-5\" >Conflictos Biol\u00f3gicos<\/a><\/li><\/ul><\/li><li class='ez-toc-page-1 ez-toc-heading-level-3'><a class=\"ez-toc-link ez-toc-heading-31\" href=\"https:\/\/respiramismares.com\/cursos-online\/la-piel-un-organo-complejo-con-historia\/#Herpes_Zoster\" >Herpes Zoster<\/a><ul class='ez-toc-list-level-4' ><li class='ez-toc-heading-level-4'><a class=\"ez-toc-link ez-toc-heading-32\" href=\"https:\/\/respiramismares.com\/cursos-online\/la-piel-un-organo-complejo-con-historia\/#Descripcion-6\" >Descripci\u00f3n<\/a><\/li><li class='ez-toc-page-1 ez-toc-heading-level-4'><a class=\"ez-toc-link ez-toc-heading-33\" href=\"https:\/\/respiramismares.com\/cursos-online\/la-piel-un-organo-complejo-con-historia\/#Conflictos_Biologicos-6\" >Conflictos Biol\u00f3gicos<\/a><\/li><li class='ez-toc-page-1 ez-toc-heading-level-4'><a class=\"ez-toc-link ez-toc-heading-34\" href=\"https:\/\/respiramismares.com\/cursos-online\/la-piel-un-organo-complejo-con-historia\/#Ejemplos\" >Ejemplos<\/a><\/li><\/ul><\/li><li class='ez-toc-page-1 ez-toc-heading-level-3'><a class=\"ez-toc-link ez-toc-heading-35\" href=\"https:\/\/respiramismares.com\/cursos-online\/la-piel-un-organo-complejo-con-historia\/#Vitiligo\" >Vitiligo<\/a><ul class='ez-toc-list-level-4' ><li class='ez-toc-heading-level-4'><a class=\"ez-toc-link ez-toc-heading-36\" href=\"https:\/\/respiramismares.com\/cursos-online\/la-piel-un-organo-complejo-con-historia\/#Descripcion-7\" >Descripci\u00f3n<\/a><\/li><li class='ez-toc-page-1 ez-toc-heading-level-4'><a class=\"ez-toc-link ez-toc-heading-37\" href=\"https:\/\/respiramismares.com\/cursos-online\/la-piel-un-organo-complejo-con-historia\/#Conflictos_Biologicos-7\" >Conflictos Biol\u00f3gicos<\/a><\/li><li class='ez-toc-page-1 ez-toc-heading-level-4'><a class=\"ez-toc-link ez-toc-heading-38\" href=\"https:\/\/respiramismares.com\/cursos-online\/la-piel-un-organo-complejo-con-historia\/#Evolucion\" >Evoluci\u00f3n<\/a><\/li><\/ul><\/li><\/ul><\/li><li class='ez-toc-page-1 ez-toc-heading-level-2'><a class=\"ez-toc-link ez-toc-heading-39\" href=\"https:\/\/respiramismares.com\/cursos-online\/la-piel-un-organo-complejo-con-historia\/#Recomendaciones_para_Mejorar_la_Salud_Cutanea\" >Recomendaciones para Mejorar la Salud Cut\u00e1nea<\/a><ul class='ez-toc-list-level-3' ><li class='ez-toc-heading-level-3'><a class=\"ez-toc-link ez-toc-heading-40\" href=\"https:\/\/respiramismares.com\/cursos-online\/la-piel-un-organo-complejo-con-historia\/#Gestion_del_Estres_y_Caricias_Terapeuticas\" >Gesti\u00f3n del Estr\u00e9s y Caricias Terap\u00e9uticas<\/a><ul class='ez-toc-list-level-4' ><li class='ez-toc-heading-level-4'><a class=\"ez-toc-link ez-toc-heading-41\" href=\"https:\/\/respiramismares.com\/cursos-online\/la-piel-un-organo-complejo-con-historia\/#La_Piel_como_Interfase_Emocional\" >La Piel como Interfase Emocional<\/a><\/li><li class='ez-toc-page-1 ez-toc-heading-level-4'><a class=\"ez-toc-link ez-toc-heading-42\" href=\"https:\/\/respiramismares.com\/cursos-online\/la-piel-un-organo-complejo-con-historia\/#Caricias_Terapeuticas\" >Caricias Terap\u00e9uticas<\/a><\/li><\/ul><\/li><\/ul><\/li><li class='ez-toc-page-1 ez-toc-heading-level-2'><a class=\"ez-toc-link ez-toc-heading-43\" href=\"https:\/\/respiramismares.com\/cursos-online\/la-piel-un-organo-complejo-con-historia\/#Ayudate_con_la_Exposicion_Solar\" >Ay\u00fadate con la Exposici\u00f3n Solar<\/a><ul class='ez-toc-list-level-3' ><li class='ez-toc-heading-level-3'><a class=\"ez-toc-link ez-toc-heading-44\" href=\"https:\/\/respiramismares.com\/cursos-online\/la-piel-un-organo-complejo-con-historia\/#Beneficios_del_Sol_para_la_Piel\" >Beneficios del Sol para la Piel<\/a><\/li><li class='ez-toc-page-1 ez-toc-heading-level-3'><a class=\"ez-toc-link ez-toc-heading-45\" href=\"https:\/\/respiramismares.com\/cursos-online\/la-piel-un-organo-complejo-con-historia\/#Relacion_con_la_Biodescodificacion\" >Relaci\u00f3n con la Biodescodificaci\u00f3n<\/a><\/li><li class='ez-toc-page-1 ez-toc-heading-level-3'><a class=\"ez-toc-link ez-toc-heading-46\" href=\"https:\/\/respiramismares.com\/cursos-online\/la-piel-un-organo-complejo-con-historia\/#Consideraciones_Importantes_y_Meditacion\" >Consideraciones Importantes y Meditaci\u00f3n<\/a><\/li><li class='ez-toc-page-1 ez-toc-heading-level-3'><a class=\"ez-toc-link ez-toc-heading-47\" href=\"https:\/\/respiramismares.com\/cursos-online\/la-piel-un-organo-complejo-con-historia\/#Conclusion_La_Piel_como_Reflejo_de_la_Salud_Emocional\" >Conclusi\u00f3n: La Piel como Reflejo de la Salud Emocional<\/a><\/li><\/ul><\/li><\/ul><\/nav><\/div>\n<h2><span class=\"ez-toc-section\" id=\"Razon_Biologica_del_Tamano_de_la_Piel\"><\/span><em>Raz\u00f3n Biol\u00f3gica del Tama\u00f1o de la Piel<\/em><span class=\"ez-toc-section-end\"><\/span><\/h2>\n<p>La piel, siendo el \u00f3rgano m\u00e1s grande del cuerpo humano, no es solo una barrera f\u00edsica; es un sistema sensorial complejo con terminales nerviosas que desempe\u00f1an un papel crucial en nuestra capacidad para percibir el entorno. La pregunta inicial que nos surge es <strong>si existe una raz\u00f3n biol\u00f3gica para el tama\u00f1o de este \u00f3rgano<\/strong>. La respuesta radica en la densidad de terminales nerviosas y su capacidad para registrar no solo est\u00edmulos f\u00edsicos como el viento o el sol, sino tambi\u00e9n experiencias emocionales y situaciones que afectan nuestra integridad.<\/p>\n<h3><span class=\"ez-toc-section\" id=\"Funciones_Sensoriales_y_Emocionales_de_la_Piel\"><\/span><em>Funciones Sensoriales y Emocionales de la Piel<\/em><span class=\"ez-toc-section-end\"><\/span><\/h3>\n<p>La piel act\u00faa como el mensajero de nuestras experiencias, dejando huellas f\u00edsicas que reflejan tanto momentos de felicidad como de dolor. Este \u00f3rgano no solo responde a est\u00edmulos externos, sino que tambi\u00e9n revela nuestras respuestas emocionales. Es un libro de nuestra vida, marcado por arrugas, cicatrices y marcas que narran nuestras historias personales. La relaci\u00f3n entre las experiencias emocionales y las manifestaciones cut\u00e1neas se explora profundamente, destacando la piel como un medio a trav\u00e9s del cual expresamos y experimentamos nuestras vivencias.<\/p>\n<h3><span class=\"ez-toc-section\" id=\"La_Piel_como_Indicador_de_Conflictos\"><\/span><em>La Piel como Indicador de Conflictos<\/em><span class=\"ez-toc-section-end\"><\/span><\/h3>\n<p>La biodescodificaci\u00f3n propone que las afecciones cut\u00e1neas no son simples manifestaciones aleatorias, sino respuestas biol\u00f3gicas a conflictos emocionales subyacentes. Cada marca, arruga o cicatriz se interpreta como el resumen f\u00edsico de momentos espec\u00edficos en la vida, abordando <strong>la conexi\u00f3n intr\u00ednseca entre las experiencias emocionales<\/strong> y las manifestaciones en la piel. La idea central es que la piel act\u00faa como un reflejo visible de los conflictos internos, y descifrar estos mensajes puede ser clave para abordar las afecciones cut\u00e1neas desde una perspectiva m\u00e1s profunda.<\/p>\n\t\t<div data-elementor-type=\"section\" data-elementor-id=\"4637\" class=\"elementor elementor-4637\" data-elementor-post-type=\"elementor_library\">\n\t\t\t\t\t<section class=\"elementor-section elementor-top-section elementor-element elementor-element-40768a elementor-section-full_width elementor-section-height-default elementor-section-height-default\" data-id=\"40768a\" data-element_type=\"section\" data-e-type=\"section\" data-settings=\"{&quot;background_background&quot;:&quot;classic&quot;}\">\n\t\t\t\t\t\t<div class=\"elementor-container elementor-column-gap-default\">\n\t\t\t\t\t<div class=\"elementor-column elementor-col-100 elementor-top-column elementor-element elementor-element-1deab354\" data-id=\"1deab354\" data-element_type=\"column\" data-e-type=\"column\" data-settings=\"{&quot;background_background&quot;:&quot;classic&quot;}\">\n\t\t\t<div class=\"elementor-widget-wrap elementor-element-populated\">\n\t\t\t\t\t\t<section class=\"elementor-section elementor-inner-section elementor-element elementor-element-45d3f74a elementor-section-content-middle elementor-section-boxed elementor-section-height-default elementor-section-height-default\" data-id=\"45d3f74a\" data-element_type=\"section\" data-e-type=\"section\">\n\t\t\t\t\t\t<div class=\"elementor-container elementor-column-gap-default\">\n\t\t\t\t\t<div class=\"elementor-column elementor-col-50 elementor-inner-column elementor-element elementor-element-79921a8f\" data-id=\"79921a8f\" data-element_type=\"column\" data-e-type=\"column\">\n\t\t\t<div class=\"elementor-widget-wrap elementor-element-populated\">\n\t\t\t\t\t\t<div class=\"elementor-element elementor-element-589ae39a elementor-widget elementor-widget-heading\" data-id=\"589ae39a\" data-element_type=\"widget\" data-e-type=\"widget\" data-widget_type=\"heading.default\">\n\t\t\t\t\t<p class=\"elementor-heading-title elementor-size-default\">\u00bfListo para explorar las ra\u00edces emocionales de tus desaf\u00edos y encontrar la armon\u00eda en tu vida?<\/p>\t\t\t\t<\/div>\n\t\t\t\t<div class=\"elementor-element elementor-element-4e946b26 elementor-widget elementor-widget-text-editor\" data-id=\"4e946b26\" data-element_type=\"widget\" data-e-type=\"widget\" data-widget_type=\"text-editor.default\">\n\t\t\t\t\t<div class=\"bb-theme-elementor-wrap bb-elementor-custom-color bb-elementor-custom-size bb-elementor-mobile-custom-size bb-elementor-custom-line-height bb-elementor-mobile-custom-line-height\">\t\t\t\t<p>Descubre c\u00f3mo la biodescodificaci\u00f3n puede guiarte hacia la sanaci\u00f3n emocional y el bienestar.<\/p>\t\t\t\t<\/div>\t\t\t\t<\/div>\n\t\t\t\t<div class=\"elementor-element elementor-element-6fca84c elementor-align-center elementor-widget elementor-widget-button\" data-id=\"6fca84c\" data-element_type=\"widget\" data-e-type=\"widget\" data-widget_type=\"button.default\">\n\t\t\t\t\t\t\t\t\t\t<a class=\"elementor-button elementor-button-link elementor-size-sm\" href=\"https:\/\/api.whatsapp.com\/message\/BKNLYQ22EJ2CK1?autoload=1&#038;app_absent=0\">\n\t\t\t\t\t\t<span class=\"elementor-button-content-wrapper\">\n\t\t\t\t\t\t<span class=\"elementor-button-icon\">\n\t\t\t\t<i aria-hidden=\"true\" class=\"fab fa-whatsapp\"><\/i>\t\t\t<\/span>\n\t\t\t\t\t\t\t\t\t<span class=\"elementor-button-text\">Hacer consulta<\/span>\n\t\t\t\t\t<\/span>\n\t\t\t\t\t<\/a>\n\t\t\t\t\t\t\t\t<\/div>\n\t\t\t\t<div class=\"elementor-element elementor-element-56ae3f3 elementor-align-center elementor-widget__width-inherit elementor-widget elementor-widget-button\" data-id=\"56ae3f3\" data-element_type=\"widget\" data-e-type=\"widget\" data-widget_type=\"button.default\">\n\t\t\t\t\t\t\t\t\t\t<a class=\"elementor-button elementor-button-link elementor-size-sm\" href=\"https:\/\/calendly.com\/respiramismares\/sesion1hs\">\n\t\t\t\t\t\t<span class=\"elementor-button-content-wrapper\">\n\t\t\t\t\t\t<span class=\"elementor-button-icon\">\n\t\t\t\t<i aria-hidden=\"true\" class=\"far fa-calendar-alt\"><\/i>\t\t\t<\/span>\n\t\t\t\t\t\t\t\t\t<span class=\"elementor-button-text\">Sesi\u00f3n 1 Hora<\/span>\n\t\t\t\t\t<\/span>\n\t\t\t\t\t<\/a>\n\t\t\t\t\t\t\t\t<\/div>\n\t\t\t\t\t<\/div>\n\t\t<\/div>\n\t\t\t\t<div class=\"elementor-column elementor-col-50 elementor-inner-column elementor-element elementor-element-4d6807c6\" data-id=\"4d6807c6\" data-element_type=\"column\" data-e-type=\"column\">\n\t\t\t<div class=\"elementor-widget-wrap elementor-element-populated\">\n\t\t\t\t\t\t<div class=\"elementor-element elementor-element-a7d2bc9 elementor-widget elementor-widget-image\" data-id=\"a7d2bc9\" data-element_type=\"widget\" data-e-type=\"widget\" data-widget_type=\"image.default\">\n\t\t\t\t\t\t\t\t\t\t\t\t\t\t\t<img fetchpriority=\"high\" decoding=\"async\" width=\"590\" height=\"1024\" src=\"https:\/\/respiramismares.com\/cursos-online\/wp-content\/uploads\/2021\/01\/D01393E4-3DB9-430D-9633-DAC84D42641A-590x1024.jpeg\" class=\"attachment-large size-large wp-image-3544\" alt=\"\" srcset=\"https:\/\/respiramismares.com\/cursos-online\/wp-content\/uploads\/2021\/01\/D01393E4-3DB9-430D-9633-DAC84D42641A-590x1024.jpeg 590w, https:\/\/respiramismares.com\/cursos-online\/wp-content\/uploads\/2021\/01\/D01393E4-3DB9-430D-9633-DAC84D42641A-173x300.jpeg 173w, https:\/\/respiramismares.com\/cursos-online\/wp-content\/uploads\/2021\/01\/D01393E4-3DB9-430D-9633-DAC84D42641A-768x1333.jpeg 768w, https:\/\/respiramismares.com\/cursos-online\/wp-content\/uploads\/2021\/01\/D01393E4-3DB9-430D-9633-DAC84D42641A-885x1536.jpeg 885w, https:\/\/respiramismares.com\/cursos-online\/wp-content\/uploads\/2021\/01\/D01393E4-3DB9-430D-9633-DAC84D42641A-1180x2048.jpeg 1180w, https:\/\/respiramismares.com\/cursos-online\/wp-content\/uploads\/2021\/01\/D01393E4-3DB9-430D-9633-DAC84D42641A-624x1083.jpeg 624w, https:\/\/respiramismares.com\/cursos-online\/wp-content\/uploads\/2021\/01\/D01393E4-3DB9-430D-9633-DAC84D42641A-600x1042.jpeg 600w, https:\/\/respiramismares.com\/cursos-online\/wp-content\/uploads\/2021\/01\/D01393E4-3DB9-430D-9633-DAC84D42641A.jpeg 1284w\" sizes=\"(max-width: 590px) 100vw, 590px\" \/>\t\t\t\t\t\t\t\t\t\t\t\t\t\t\t<\/div>\n\t\t\t\t\t<\/div>\n\t\t<\/div>\n\t\t\t\t\t<\/div>\n\t\t<\/section>\n\t\t\t\t\t<\/div>\n\t\t<\/div>\n\t\t\t\t\t<\/div>\n\t\t<\/section>\n\t\t\t\t<\/div>\n\t\t\n<h2><span class=\"ez-toc-section\" id=\"La_Piel_Nuestro_Primer_Pergamino\"><\/span><strong>La Piel: Nuestro Primer Pergamino<\/strong><span class=\"ez-toc-section-end\"><\/span><\/h2>\n<h3><span class=\"ez-toc-section\" id=\"La_Metafora_de_la_Piel_como_Libro_de_Vida\"><\/span><strong>La Met\u00e1fora de la Piel como Libro de Vida<\/strong><span class=\"ez-toc-section-end\"><\/span><\/h3>\n<p>La piel, m\u00e1s que un simple \u00f3rgano externo, se presenta como un testimonio vivo de nuestras experiencias. Cada arruga, marca o cicatriz encapsula momentos significativos de nuestra existencia. Este &#8220;libro de vida&#8221; cut\u00e1neo refleja tanto momentos de felicidad y contacto como experiencias dif\u00edciles de separaci\u00f3n, p\u00e9rdida y desilusi\u00f3n.<\/p>\n<h3><span class=\"ez-toc-section\" id=\"Importancia_Simbolica_de_las_Marcas_en_la_Piel\"><\/span><strong>Importancia Simb\u00f3lica de las Marcas en la Piel<\/strong><span class=\"ez-toc-section-end\"><\/span><\/h3>\n<p>Cada marca en la piel cuenta una historia \u00fanica, desde momentos felices de contacto hasta momentos dif\u00edciles de ruptura. Estas marcas no son solo f\u00edsicas; tambi\u00e9n representan las huellas emocionales de nuestras vivencias. La piel act\u00faa como un registro visual de nuestra traves\u00eda por la vida, evidenciando el paso del tiempo y nuestras interacciones con el entorno.<\/p>\n<h4><span class=\"ez-toc-section\" id=\"Anotaciones_y_Escrituras_en_la_Piel_durante_la_Infancia\"><\/span><strong>Anotaciones y Escrituras en la Piel durante la Infancia<\/strong><span class=\"ez-toc-section-end\"><\/span><\/h4>\n<p>Durante la infancia, la piel se convierte en un medio para expresar necesidades emocionales. La falta de contacto f\u00edsico, especialmente con seres queridos, puede manifestarse a trav\u00e9s de afecciones cut\u00e1neas como eccemas o dermatitis. Las experiencias de separaci\u00f3n, como la entrada a la escuela, pueden desencadenar respuestas en la piel, revelando la importancia del contacto f\u00edsico en el desarrollo emocional de los ni\u00f1os.<\/p>\n<h4><span class=\"ez-toc-section\" id=\"La_Piel_como_Mensajero_de_Conflictos_Biologicos\"><\/span><strong>La Piel como Mensajero de Conflictos Biol\u00f3gicos<\/strong><span class=\"ez-toc-section-end\"><\/span><\/h4>\n<p>Desde la perspectiva de la biodescodificaci\u00f3n, la piel se convierte en el mensajero de conflictos biol\u00f3gicos m\u00e1s profundos. Cada marca o afecci\u00f3n cut\u00e1nea puede estar vinculada a experiencias emocionales espec\u00edficas, como el acn\u00e9 relacionado con la preocupaci\u00f3n por la apariencia o la dermatitis at\u00f3pica vinculada a la separaci\u00f3n afectiva.<\/p>\n<h4><span class=\"ez-toc-section\" id=\"La_Piel_como_Diario_Fragil_y_Perecedero\"><\/span><strong>La Piel como Diario Fr\u00e1gil y Perecedero<\/strong><span class=\"ez-toc-section-end\"><\/span><\/h4>\n<p>La analog\u00eda de la piel como un diario fr\u00e1gil resalta su naturaleza ef\u00edmera y su capacidad para registrar experiencias. A trav\u00e9s de la biodescodificaci\u00f3n, se busca comprender los mensajes que la piel comunica sobre conflictos emocionales subyacentes, convirti\u00e9ndola en un diario que puede ser &#8220;le\u00eddo&#8221; para abordar problemas m\u00e1s profundos.<\/p>\n<h4><span class=\"ez-toc-section\" id=\"Escribir_sobre_el_Cuerpo_y_Marcar_el_Tiempo\"><\/span><strong>Escribir sobre el Cuerpo y Marcar el Tiempo<\/strong><span class=\"ez-toc-section-end\"><\/span><\/h4>\n<p>La pr\u00e1ctica de escribir sobre el cuerpo, tan com\u00fan en la juventud, se interpreta como una forma de marcar el tiempo y las relaciones significativas. El texto destaca c\u00f3mo las acciones cotidianas, como anotar tel\u00e9fonos o nombres, se vinculan simb\u00f3licamente con la piel, revelando la conexi\u00f3n intr\u00ednseca entre la escritura corporal y la memoria emocional.<\/p>\n<h4><span class=\"ez-toc-section\" id=\"El_Significado_Profundo_de_las_Anotaciones_en_la_Piel\"><\/span><strong>El Significado Profundo de las Anotaciones en la Piel<\/strong><span class=\"ez-toc-section-end\"><\/span><\/h4>\n<p>Anotar sobre la piel va m\u00e1s all\u00e1 de una simple pr\u00e1ctica temporal. Cada marca representa una necesidad emocional, un deseo de conexi\u00f3n, y se convierte en una manifestaci\u00f3n visible de las complejidades de nuestras relaciones y experiencias. L<strong>a biodescodificaci\u00f3n busca desentra\u00f1ar estos significados para comprender y abordar los conflictos subyacentes que se manifiestan en la piel.<\/strong><\/p>\n<h2><span class=\"ez-toc-section\" id=\"Afecciones_de_Piel_y_Sus_Conflictos_Biologicos\"><\/span><strong>Afecciones de Piel y Sus Conflictos Biol\u00f3gicos<\/strong><span class=\"ez-toc-section-end\"><\/span><\/h2>\n<h3><span class=\"ez-toc-section\" id=\"Acne\"><\/span>Acn\u00e9<span class=\"ez-toc-section-end\"><\/span><\/h3>\n<h4><span class=\"ez-toc-section\" id=\"Descripcion\"><\/span>Descripci\u00f3n<span class=\"ez-toc-section-end\"><\/span><\/h4>\n<ul>\n<li>Formaci\u00f3n de granos, espinillas, y parches rojos inflamados.<\/li>\n<li>Afecta principalmente a adolescentes y j\u00f3venes.<\/li>\n<\/ul>\n<h4><span class=\"ez-toc-section\" id=\"Conflictos_Biologicos\"><\/span>Conflictos Biol\u00f3gicos<span class=\"ez-toc-section-end\"><\/span><\/h4>\n<ul>\n<li>Relacionado con un conflicto de ataque o preocupaci\u00f3n por la integridad corporal.<\/li>\n<li>Implicaci\u00f3n de la gl\u00e1ndula sudor\u00edpara ante conflictos de fealdad o sentirse mancillado.<\/li>\n<\/ul>\n<h3><span class=\"ez-toc-section\" id=\"Dermatitis_Atopica\"><\/span>Dermatitis At\u00f3pica<span class=\"ez-toc-section-end\"><\/span><\/h3>\n<h4><span class=\"ez-toc-section\" id=\"Descripcion-2\"><\/span>Descripci\u00f3n<span class=\"ez-toc-section-end\"><\/span><\/h4>\n<ul>\n<li>Trastorno cut\u00e1neo cr\u00f3nico con erupciones pruriginosas y descamativas.<\/li>\n<li>Afecta cuero cabelludo, rostro, torso, y cualquier parte del cuerpo.<\/li>\n<\/ul>\n<h4><span class=\"ez-toc-section\" id=\"Conflictos_Biologicos-2\"><\/span>Conflictos Biol\u00f3gicos<span class=\"ez-toc-section-end\"><\/span><\/h4>\n<ul>\n<li>Refleja un conflicto de separaci\u00f3n.<\/li>\n<li>Expresa el querer o no querer tener contacto con la piel tras la privaci\u00f3n de un contacto corporal.<\/li>\n<\/ul>\n<h4><span class=\"ez-toc-section\" id=\"Partes_del_Cuerpo_Afectadas\"><\/span>Partes del Cuerpo Afectadas<span class=\"ez-toc-section-end\"><\/span><\/h4>\n<ul>\n<li>Meridianos Yin: abdomen, pecho, parte interna de brazos y piernas.<\/li>\n<li>Meridianos Yang: espalda, gl\u00fateos, parte externa de brazos y piernas, codos, mu\u00f1ecas, rodillas, tobillos.<\/li>\n<li>Cabeza: cuesti\u00f3n de estar en consonancia con las ideas.<\/li>\n<li>Rostro: asociado generalmente con la imagen y la apariencia.<\/li>\n<\/ul>\n<h4><span class=\"ez-toc-section\" id=\"Ejemplo\"><\/span>Ejemplo<span class=\"ez-toc-section-end\"><\/span><\/h4>\n<ul>\n<li>Carencia de caricias en la infancia, especialmente durante separaciones fuertes.<\/li>\n<\/ul>\n<h3><span class=\"ez-toc-section\" id=\"Psoriasis\"><\/span>Psoriasis<span class=\"ez-toc-section-end\"><\/span><\/h3>\n<h4><span class=\"ez-toc-section\" id=\"Descripcion-3\"><\/span>Descripci\u00f3n<span class=\"ez-toc-section-end\"><\/span><\/h4>\n<ul>\n<li>Hiperproducci\u00f3n de c\u00e9lulas cut\u00e1neas superficiales, causando piel engrosada y enrojecida con escamas plateadas.<\/li>\n<\/ul>\n<h4><span class=\"ez-toc-section\" id=\"Conflictos_Biologicos-3\"><\/span>Conflictos Biol\u00f3gicos<span class=\"ez-toc-section-end\"><\/span><\/h4>\n<ul>\n<li>Conflicto de separaci\u00f3n vivido simult\u00e1neamente como ataque y en reparaci\u00f3n.<\/li>\n<li>Impacto psicol\u00f3gico: sensibilidad al alejamiento, sue\u00f1os de reencuentros, necesidad de amor sin satisfacci\u00f3n.<\/li>\n<\/ul>\n<h4><span class=\"ez-toc-section\" id=\"Efecto_Psicologico\"><\/span>Efecto Psicol\u00f3gico<span class=\"ez-toc-section-end\"><\/span><\/h4>\n<ul>\n<li>Rechazo visual por parte de otros, llevando a la persona a sentirse separada.<\/li>\n<\/ul>\n<h3><span class=\"ez-toc-section\" id=\"Urticaria\"><\/span>Urticaria<span class=\"ez-toc-section-end\"><\/span><\/h3>\n<h4><span class=\"ez-toc-section\" id=\"Descripcion-4\"><\/span>Descripci\u00f3n<span class=\"ez-toc-section-end\"><\/span><\/h4>\n<ul>\n<li>Ronchas inflamatorias en la piel debido a reacci\u00f3n al\u00e9rgica.<\/li>\n<li>Aparici\u00f3n de lesiones cut\u00e1neas por vasodilataci\u00f3n y edema de la dermis superficial.<\/li>\n<\/ul>\n<h4><span class=\"ez-toc-section\" id=\"Conflictos_Biologicos-4\"><\/span>Conflictos Biol\u00f3gicos<span class=\"ez-toc-section-end\"><\/span><\/h4>\n<ul>\n<li>Relacionado con agresi\u00f3n o amenaza a la integridad y separaci\u00f3n.<\/li>\n<li>Afectaci\u00f3n de epidermis indica vivencia de separaci\u00f3n o contacto impuesto; afectaci\u00f3n de dermis, reacci\u00f3n a conflicto vivido como ataque.<\/li>\n<\/ul>\n<h3><span class=\"ez-toc-section\" id=\"Rosacea\"><\/span>Ros\u00e1cea<span class=\"ez-toc-section-end\"><\/span><\/h3>\n<h4><span class=\"ez-toc-section\" id=\"Descripcion-5\"><\/span>Descripci\u00f3n<span class=\"ez-toc-section-end\"><\/span><\/h4>\n<ul>\n<li>Afecci\u00f3n de los vasos sangu\u00edneos que provoca rojeces en el rostro.<\/li>\n<li>Puede incluir granitos, p\u00fastulas, enrojecimiento ocular, quemaz\u00f3n y picaz\u00f3n.<\/li>\n<\/ul>\n<h4><span class=\"ez-toc-section\" id=\"Conflictos_Biologicos-5\"><\/span>Conflictos Biol\u00f3gicos<span class=\"ez-toc-section-end\"><\/span><\/h4>\n<ul>\n<li>Expresa conflicto relacionado con ataque, agresi\u00f3n, sensaci\u00f3n de fealdad y desvalorizaci\u00f3n.<\/li>\n<li>Desvalorizaci\u00f3n ante un ataque al que no se puede responder.<\/li>\n<\/ul>\n<h3><span class=\"ez-toc-section\" id=\"Herpes_Zoster\"><\/span>Herpes Zoster<span class=\"ez-toc-section-end\"><\/span><\/h3>\n<h4><span class=\"ez-toc-section\" id=\"Descripcion-6\"><\/span>Descripci\u00f3n<span class=\"ez-toc-section-end\"><\/span><\/h4>\n<ul>\n<li>Desarrollo de herpes en labios y partes genitales, zonas de comunicaci\u00f3n personal e \u00edntima.<\/li>\n<\/ul>\n<h4><span class=\"ez-toc-section\" id=\"Conflictos_Biologicos-6\"><\/span>Conflictos Biol\u00f3gicos<span class=\"ez-toc-section-end\"><\/span><\/h4>\n<ul>\n<li>Indica maneras de mantener distancia de los dem\u00e1s.<\/li>\n<li>Involucra nervio, dermis y epidermis.<\/li>\n<\/ul>\n<h4><span class=\"ez-toc-section\" id=\"Ejemplos\"><\/span>Ejemplos<span class=\"ez-toc-section-end\"><\/span><\/h4>\n<ul>\n<li>Herpes bucal: relacionado con conflictos de separaci\u00f3n o deseo de contacto.<\/li>\n<li>Herpes genital: asociado a ausencia de contacto sexual o contacto no deseado.<\/li>\n<\/ul>\n<h3><span class=\"ez-toc-section\" id=\"Vitiligo\"><\/span>Vitiligo<span class=\"ez-toc-section-end\"><\/span><\/h3>\n<h4><span class=\"ez-toc-section\" id=\"Descripcion-7\"><\/span>Descripci\u00f3n<span class=\"ez-toc-section-end\"><\/span><\/h4>\n<ul>\n<li>Aparici\u00f3n de \u00e1reas despigmentadas en la piel debido a la falta de funci\u00f3n y p\u00e9rdida de melanocitos.<\/li>\n<\/ul>\n<h4><span class=\"ez-toc-section\" id=\"Conflictos_Biologicos-7\"><\/span>Conflictos Biol\u00f3gicos<span class=\"ez-toc-section-end\"><\/span><\/h4>\n<ul>\n<li>Refleja un conflicto activo de separaci\u00f3n intensa y dolorosa, acompa\u00f1ada de sentimiento de impureza.<\/li>\n<\/ul>\n<h4><span class=\"ez-toc-section\" id=\"Evolucion\"><\/span>Evoluci\u00f3n<span class=\"ez-toc-section-end\"><\/span><\/h4>\n<ul>\n<li>Despigmentaci\u00f3n y ulceraci\u00f3n durante conflicto activo.<\/li>\n<li>Relleno progresivo y normalizaci\u00f3n de la piel cuando se resuelve el conflicto.<\/li>\n<\/ul>\n<h2><span class=\"ez-toc-section\" id=\"Recomendaciones_para_Mejorar_la_Salud_Cutanea\"><\/span><strong>Recomendaciones para Mejorar la Salud Cut\u00e1nea<\/strong><span class=\"ez-toc-section-end\"><\/span><\/h2>\n<p>La relaci\u00f3n entre las enfermedades de la piel y la biodescodificaci\u00f3n implica comprender los conflictos biol\u00f3gicos subyacentes. Aqu\u00ed se presentan recomendaciones espec\u00edficas para mejorar la salud cut\u00e1nea desde esta perspectiva.<\/p>\n<h3><span class=\"ez-toc-section\" id=\"Gestion_del_Estres_y_Caricias_Terapeuticas\"><\/span><strong>Gesti\u00f3n del Estr\u00e9s y Caricias Terap\u00e9uticas<\/strong><span class=\"ez-toc-section-end\"><\/span><\/h3>\n<h4><span class=\"ez-toc-section\" id=\"La_Piel_como_Interfase_Emocional\"><\/span><em>La Piel como Interfase Emocional<\/em><span class=\"ez-toc-section-end\"><\/span><\/h4>\n<p>La conexi\u00f3n entre la piel y el sistema nervioso central es evidente, siendo la piel una interfaz donde se manifiestan desajustes emocionales. Aprender a gestionar el estr\u00e9s es crucial, ya que el impacto emocional se refleja en la salud cut\u00e1nea.<\/p>\n<h4><span class=\"ez-toc-section\" id=\"Caricias_Terapeuticas\"><\/span><em>Caricias Terap\u00e9uticas<\/em><span class=\"ez-toc-section-end\"><\/span><\/h4>\n<p>El contacto f\u00edsico, como masajes, presi\u00f3n alterna, y exposici\u00f3n al sol, act\u00faa como un calmante del conflicto biol\u00f3gico. Estas pr\u00e1cticas no solo reducen la intensidad del estr\u00e9s, sino que tambi\u00e9n promueven la calma neurol\u00f3gica, disminuyendo la secreci\u00f3n de cortisol y aumentando la serotonina.<\/p>\n<h2><span class=\"ez-toc-section\" id=\"Ayudate_con_la_Exposicion_Solar\"><\/span><strong>Ay\u00fadate con la Exposici\u00f3n Solar<\/strong><span class=\"ez-toc-section-end\"><\/span><\/h2>\n<p>La exposici\u00f3n solar no solo brinda beneficios a nivel est\u00e9tico sino que tambi\u00e9n juega un papel crucial en la salud de la piel. Aqu\u00ed se detallan los aspectos clave:<\/p>\n<h3><span class=\"ez-toc-section\" id=\"Beneficios_del_Sol_para_la_Piel\"><\/span><strong>Beneficios del Sol para la Piel<\/strong><span class=\"ez-toc-section-end\"><\/span><\/h3>\n<p>La radiaci\u00f3n solar puede tener impactos positivos en la piel, contribuyendo a:<\/p>\n<ul>\n<li><strong>Controlar y Prevenir el Acn\u00e9:<\/strong> La exposici\u00f3n al sol favorece la cicatrizaci\u00f3n de lesiones cut\u00e1neas asociadas al acn\u00e9, proporcionando mejoras visibles.<\/li>\n<li><strong>Estimular el Sistema Inmunol\u00f3gico Cut\u00e1neo:<\/strong> Aumenta el n\u00famero de gl\u00f3bulos blancos, como neutr\u00f3filos y linfocitos, fortaleciendo las defensas inmunol\u00f3gicas de la piel.<\/li>\n<li><strong>S\u00edntesis de Vitamina D:<\/strong> La radiaci\u00f3n solar facilita la producci\u00f3n de vitamina D, esencial para la mineralizaci\u00f3n de huesos y dientes.<\/li>\n<li><strong>Bienestar y Serotonina:<\/strong> La exposici\u00f3n al sol promueve la s\u00edntesis de serotonina, neurotransmisor asociado al bienestar emocional.<\/li>\n<\/ul>\n<h3><span class=\"ez-toc-section\" id=\"Relacion_con_la_Biodescodificacion\"><\/span><strong>Relaci\u00f3n con la Biodescodificaci\u00f3n<\/strong><span class=\"ez-toc-section-end\"><\/span><\/h3>\n<p>Desde la perspectiva de la biodescodificaci\u00f3n, estos beneficios pueden relacionarse con la necesidad de la piel de establecer conexiones y sanar conflictos emocionales. Algunas interpretaciones podr\u00edan incluir:<\/p>\n<ul>\n<li><strong>Resoluci\u00f3n de Conflictos de Agresi\u00f3n:<\/strong> La exposici\u00f3n solar puede actuar como una herramienta para resolver conflictos biol\u00f3gicos asociados a amenazas o agresiones, permitiendo a la piel sanar y regenerarse.<\/li>\n<li><strong>Fortalecimiento de la Integridad Emocional:<\/strong> Al estimular el sistema inmunol\u00f3gico cut\u00e1neo, el sol puede representar la b\u00fasqueda de fortaleza emocional y protecci\u00f3n ante conflictos relacionados con la vulnerabilidad.<\/li>\n<li><strong>S\u00edntesis de Vitamina D como Met\u00e1fora de Renovaci\u00f3n:<\/strong> La obtenci\u00f3n de vitamina D puede simbolizar la necesidad de renovaci\u00f3n y cambio positivo tras la resoluci\u00f3n de conflictos internos.<\/li>\n<\/ul>\n<h3><span class=\"ez-toc-section\" id=\"Consideraciones_Importantes_y_Meditacion\"><\/span><strong>Consideraciones Importantes y Meditaci\u00f3n<\/strong><span class=\"ez-toc-section-end\"><\/span><\/h3>\n<p>Es fundamental tener en cuenta que la exposici\u00f3n solar debe ser equilibrada, evitando excesos que puedan derivar en problemas cut\u00e1neos. Adem\u00e1s, se destaca la importancia de <a href=\"https:\/\/respiramismares.com\/cursos-online\/topic\/consulta-de-reiki-2\/\">la meditaci\u00f3n para fortalecer la conexi\u00f3n mente-cuerpo-piel<\/a>, reconociendo la piel como parte integral del ser.<\/p>\n<h3><span class=\"ez-toc-section\" id=\"Conclusion_La_Piel_como_Reflejo_de_la_Salud_Emocional\"><\/span><strong>Conclusi\u00f3n: La Piel como Reflejo de la Salud Emocional<\/strong><span class=\"ez-toc-section-end\"><\/span><\/h3>\n<p>La exposici\u00f3n solar, cuando se aborda desde la biodescodificaci\u00f3n, se convierte en un elemento clave para comprender la relaci\u00f3n entre la piel y la salud emocional. Cuidar la piel no solo implica aspectos est\u00e9ticos, sino tambi\u00e9n el reconocimiento de su papel en la expresi\u00f3n y resoluci\u00f3n de conflictos internos.<\/p>\n","protected":false},"excerpt":{"rendered":"<p>Raz\u00f3n Biol\u00f3gica del Tama\u00f1o de la Piel La piel, siendo el \u00f3rgano m\u00e1s grande del cuerpo humano, no es solo una barrera f\u00edsica; es un&hellip;<\/p>\n","protected":false},"author":1,"featured_media":4664,"comment_status":"closed","ping_status":"closed","sticky":false,"template":"","format":"standard","meta":{"footnotes":""},"categories":[87],"tags":[],"class_list":["post-4663","post","type-post","status-publish","format-standard","has-post-thumbnail","hentry","category-terapias-holistica"],"yoast_head":"<!-- This site is optimized with the Yoast SEO plugin v27.3 - https:\/\/yoast.com\/product\/yoast-seo-wordpress\/ -->\n<title>La Piel, un \u00d3rgano Complejo con Historia - Respira Mis Mares<\/title>\n<meta name=\"robots\" content=\"index, follow, max-snippet:-1, max-image-preview:large, max-video-preview:-1\" \/>\n<link rel=\"canonical\" href=\"https:\/\/respiramismares.com\/cursos-online\/la-piel-un-organo-complejo-con-historia\/\" \/>\n<meta property=\"og:locale\" content=\"es_ES\" \/>\n<meta property=\"og:type\" content=\"article\" \/>\n<meta property=\"og:title\" content=\"La Piel, un \u00d3rgano Complejo con Historia - Respira Mis Mares\" \/>\n<meta property=\"og:description\" content=\"Raz\u00f3n Biol\u00f3gica del Tama\u00f1o de la Piel La piel, siendo el \u00f3rgano m\u00e1s grande del cuerpo humano, no es solo una barrera f\u00edsica; es un&hellip;\" \/>\n<meta property=\"og:url\" content=\"https:\/\/respiramismares.com\/cursos-online\/la-piel-un-organo-complejo-con-historia\/\" \/>\n<meta property=\"og:site_name\" content=\"Respira Mis Mares\" \/>\n<meta property=\"article:publisher\" content=\"https:\/\/www.facebook.com\/respiramismares\/\" \/>\n<meta property=\"article:published_time\" content=\"2023-12-06T12:49:49+00:00\" \/>\n<meta property=\"article:modified_time\" content=\"2023-12-06T13:35:39+00:00\" \/>\n<meta property=\"og:image\" content=\"https:\/\/respiramismares.com\/cursos-online\/wp-content\/uploads\/2023\/12\/72aa463c-de9b-4a2a-93aa-af8fd14976bd.jpg\" \/>\n\t<meta property=\"og:image:width\" content=\"1024\" \/>\n\t<meta property=\"og:image:height\" content=\"1024\" \/>\n\t<meta property=\"og:image:type\" content=\"image\/jpeg\" \/>\n<meta name=\"author\" content=\"Camila Fern\u00e1ndez\" \/>\n<meta name=\"twitter:card\" content=\"summary_large_image\" \/>\n<script type=\"application\/ld+json\" class=\"yoast-schema-graph\">{\"@context\":\"https:\\\/\\\/schema.org\",\"@graph\":[{\"@type\":\"Article\",\"@id\":\"https:\\\/\\\/respiramismares.com\\\/cursos-online\\\/la-piel-un-organo-complejo-con-historia\\\/#article\",\"isPartOf\":{\"@id\":\"https:\\\/\\\/respiramismares.com\\\/cursos-online\\\/la-piel-un-organo-complejo-con-historia\\\/\"},\"author\":{\"name\":\"Camila Fern\u00e1ndez\",\"@id\":\"https:\\\/\\\/respiramismares.com\\\/cursos-online\\\/#\\\/schema\\\/person\\\/b2b75b6615493504f6d70f253d83ca23\"},\"headline\":\"La Piel, un \u00d3rgano Complejo con Historia\",\"datePublished\":\"2023-12-06T12:49:49+00:00\",\"dateModified\":\"2023-12-06T13:35:39+00:00\",\"mainEntityOfPage\":{\"@id\":\"https:\\\/\\\/respiramismares.com\\\/cursos-online\\\/la-piel-un-organo-complejo-con-historia\\\/\"},\"wordCount\":1849,\"publisher\":{\"@id\":\"https:\\\/\\\/respiramismares.com\\\/cursos-online\\\/#organization\"},\"image\":{\"@id\":\"https:\\\/\\\/respiramismares.com\\\/cursos-online\\\/la-piel-un-organo-complejo-con-historia\\\/#primaryimage\"},\"thumbnailUrl\":\"https:\\\/\\\/respiramismares.com\\\/cursos-online\\\/wp-content\\\/uploads\\\/2023\\\/12\\\/72aa463c-de9b-4a2a-93aa-af8fd14976bd.jpg\",\"articleSection\":[\"Terapias hol\u00edstica\"],\"inLanguage\":\"es\"},{\"@type\":\"WebPage\",\"@id\":\"https:\\\/\\\/respiramismares.com\\\/cursos-online\\\/la-piel-un-organo-complejo-con-historia\\\/\",\"url\":\"https:\\\/\\\/respiramismares.com\\\/cursos-online\\\/la-piel-un-organo-complejo-con-historia\\\/\",\"name\":\"La Piel, un \u00d3rgano Complejo con Historia - Respira Mis Mares\",\"isPartOf\":{\"@id\":\"https:\\\/\\\/respiramismares.com\\\/cursos-online\\\/#website\"},\"primaryImageOfPage\":{\"@id\":\"https:\\\/\\\/respiramismares.com\\\/cursos-online\\\/la-piel-un-organo-complejo-con-historia\\\/#primaryimage\"},\"image\":{\"@id\":\"https:\\\/\\\/respiramismares.com\\\/cursos-online\\\/la-piel-un-organo-complejo-con-historia\\\/#primaryimage\"},\"thumbnailUrl\":\"https:\\\/\\\/respiramismares.com\\\/cursos-online\\\/wp-content\\\/uploads\\\/2023\\\/12\\\/72aa463c-de9b-4a2a-93aa-af8fd14976bd.jpg\",\"datePublished\":\"2023-12-06T12:49:49+00:00\",\"dateModified\":\"2023-12-06T13:35:39+00:00\",\"breadcrumb\":{\"@id\":\"https:\\\/\\\/respiramismares.com\\\/cursos-online\\\/la-piel-un-organo-complejo-con-historia\\\/#breadcrumb\"},\"inLanguage\":\"es\",\"potentialAction\":[{\"@type\":\"ReadAction\",\"target\":[\"https:\\\/\\\/respiramismares.com\\\/cursos-online\\\/la-piel-un-organo-complejo-con-historia\\\/\"]}]},{\"@type\":\"ImageObject\",\"inLanguage\":\"es\",\"@id\":\"https:\\\/\\\/respiramismares.com\\\/cursos-online\\\/la-piel-un-organo-complejo-con-historia\\\/#primaryimage\",\"url\":\"https:\\\/\\\/respiramismares.com\\\/cursos-online\\\/wp-content\\\/uploads\\\/2023\\\/12\\\/72aa463c-de9b-4a2a-93aa-af8fd14976bd.jpg\",\"contentUrl\":\"https:\\\/\\\/respiramismares.com\\\/cursos-online\\\/wp-content\\\/uploads\\\/2023\\\/12\\\/72aa463c-de9b-4a2a-93aa-af8fd14976bd.jpg\",\"width\":1024,\"height\":1024},{\"@type\":\"BreadcrumbList\",\"@id\":\"https:\\\/\\\/respiramismares.com\\\/cursos-online\\\/la-piel-un-organo-complejo-con-historia\\\/#breadcrumb\",\"itemListElement\":[{\"@type\":\"ListItem\",\"position\":1,\"name\":\"Home\",\"item\":\"https:\\\/\\\/respiramismares.com\\\/cursos-online\\\/\"},{\"@type\":\"ListItem\",\"position\":2,\"name\":\"La Piel, un \u00d3rgano Complejo con Historia\"}]},{\"@type\":\"WebSite\",\"@id\":\"https:\\\/\\\/respiramismares.com\\\/cursos-online\\\/#website\",\"url\":\"https:\\\/\\\/respiramismares.com\\\/cursos-online\\\/\",\"name\":\"Respira Mis Mares\",\"description\":\"Camila Fern\u00e1ndez\",\"publisher\":{\"@id\":\"https:\\\/\\\/respiramismares.com\\\/cursos-online\\\/#organization\"},\"alternateName\":\"Camila Fern\u00e1ndez - Psicoterapeuta Cu\u00e1ntica y Gu\u00eda Bienestar mental, emocional y espiritual\",\"potentialAction\":[{\"@type\":\"SearchAction\",\"target\":{\"@type\":\"EntryPoint\",\"urlTemplate\":\"https:\\\/\\\/respiramismares.com\\\/cursos-online\\\/?s={search_term_string}\"},\"query-input\":{\"@type\":\"PropertyValueSpecification\",\"valueRequired\":true,\"valueName\":\"search_term_string\"}}],\"inLanguage\":\"es\"},{\"@type\":\"Organization\",\"@id\":\"https:\\\/\\\/respiramismares.com\\\/cursos-online\\\/#organization\",\"name\":\"Respira Mis Mares\",\"alternateName\":\"Camila Fern\u00e1ndez - Psicoterapeuta Cu\u00e1ntica y Gu\u00eda Bienestar mental, emocional y espiritual\",\"url\":\"https:\\\/\\\/respiramismares.com\\\/cursos-online\\\/\",\"logo\":{\"@type\":\"ImageObject\",\"inLanguage\":\"es\",\"@id\":\"https:\\\/\\\/respiramismares.com\\\/cursos-online\\\/#\\\/schema\\\/logo\\\/image\\\/\",\"url\":\"https:\\\/\\\/respiramismares.com\\\/cursos-online\\\/wp-content\\\/uploads\\\/2021\\\/01\\\/logop2.png\",\"contentUrl\":\"https:\\\/\\\/respiramismares.com\\\/cursos-online\\\/wp-content\\\/uploads\\\/2021\\\/01\\\/logop2.png\",\"width\":972,\"height\":259,\"caption\":\"Respira Mis Mares\"},\"image\":{\"@id\":\"https:\\\/\\\/respiramismares.com\\\/cursos-online\\\/#\\\/schema\\\/logo\\\/image\\\/\"},\"sameAs\":[\"https:\\\/\\\/www.facebook.com\\\/respiramismares\\\/\",\"https:\\\/\\\/www.instagram.com\\\/respiramismares\\\/\"]},{\"@type\":\"Person\",\"@id\":\"https:\\\/\\\/respiramismares.com\\\/cursos-online\\\/#\\\/schema\\\/person\\\/b2b75b6615493504f6d70f253d83ca23\",\"name\":\"Camila Fern\u00e1ndez\",\"image\":{\"@type\":\"ImageObject\",\"inLanguage\":\"es\",\"@id\":\"https:\\\/\\\/respiramismares.com\\\/cursos-online\\\/wp-content\\\/uploads\\\/avatars\\\/1\\\/6411fba5a7d8d-bpthumb.png\",\"url\":\"https:\\\/\\\/respiramismares.com\\\/cursos-online\\\/wp-content\\\/uploads\\\/avatars\\\/1\\\/6411fba5a7d8d-bpthumb.png\",\"contentUrl\":\"https:\\\/\\\/respiramismares.com\\\/cursos-online\\\/wp-content\\\/uploads\\\/avatars\\\/1\\\/6411fba5a7d8d-bpthumb.png\",\"caption\":\"Camila Fern\u00e1ndez\"},\"sameAs\":[\"https:\\\/\\\/respiramismares.com\\\/cursos-online\"]}]}<\/script>\n<!-- \/ Yoast SEO plugin. -->","yoast_head_json":{"title":"La Piel, un \u00d3rgano Complejo con Historia - Respira Mis Mares","robots":{"index":"index","follow":"follow","max-snippet":"max-snippet:-1","max-image-preview":"max-image-preview:large","max-video-preview":"max-video-preview:-1"},"canonical":"https:\/\/respiramismares.com\/cursos-online\/la-piel-un-organo-complejo-con-historia\/","og_locale":"es_ES","og_type":"article","og_title":"La Piel, un \u00d3rgano Complejo con Historia - Respira Mis Mares","og_description":"Raz\u00f3n Biol\u00f3gica del Tama\u00f1o de la Piel La piel, siendo el \u00f3rgano m\u00e1s grande del cuerpo humano, no es solo una barrera f\u00edsica; es un&hellip;","og_url":"https:\/\/respiramismares.com\/cursos-online\/la-piel-un-organo-complejo-con-historia\/","og_site_name":"Respira Mis Mares","article_publisher":"https:\/\/www.facebook.com\/respiramismares\/","article_published_time":"2023-12-06T12:49:49+00:00","article_modified_time":"2023-12-06T13:35:39+00:00","og_image":[{"width":1024,"height":1024,"url":"https:\/\/respiramismares.com\/cursos-online\/wp-content\/uploads\/2023\/12\/72aa463c-de9b-4a2a-93aa-af8fd14976bd.jpg","type":"image\/jpeg"}],"author":"Camila Fern\u00e1ndez","twitter_card":"summary_large_image","schema":{"@context":"https:\/\/schema.org","@graph":[{"@type":"Article","@id":"https:\/\/respiramismares.com\/cursos-online\/la-piel-un-organo-complejo-con-historia\/#article","isPartOf":{"@id":"https:\/\/respiramismares.com\/cursos-online\/la-piel-un-organo-complejo-con-historia\/"},"author":{"name":"Camila Fern\u00e1ndez","@id":"https:\/\/respiramismares.com\/cursos-online\/#\/schema\/person\/b2b75b6615493504f6d70f253d83ca23"},"headline":"La Piel, un \u00d3rgano Complejo con Historia","datePublished":"2023-12-06T12:49:49+00:00","dateModified":"2023-12-06T13:35:39+00:00","mainEntityOfPage":{"@id":"https:\/\/respiramismares.com\/cursos-online\/la-piel-un-organo-complejo-con-historia\/"},"wordCount":1849,"publisher":{"@id":"https:\/\/respiramismares.com\/cursos-online\/#organization"},"image":{"@id":"https:\/\/respiramismares.com\/cursos-online\/la-piel-un-organo-complejo-con-historia\/#primaryimage"},"thumbnailUrl":"https:\/\/respiramismares.com\/cursos-online\/wp-content\/uploads\/2023\/12\/72aa463c-de9b-4a2a-93aa-af8fd14976bd.jpg","articleSection":["Terapias hol\u00edstica"],"inLanguage":"es"},{"@type":"WebPage","@id":"https:\/\/respiramismares.com\/cursos-online\/la-piel-un-organo-complejo-con-historia\/","url":"https:\/\/respiramismares.com\/cursos-online\/la-piel-un-organo-complejo-con-historia\/","name":"La Piel, un \u00d3rgano Complejo con Historia - Respira Mis Mares","isPartOf":{"@id":"https:\/\/respiramismares.com\/cursos-online\/#website"},"primaryImageOfPage":{"@id":"https:\/\/respiramismares.com\/cursos-online\/la-piel-un-organo-complejo-con-historia\/#primaryimage"},"image":{"@id":"https:\/\/respiramismares.com\/cursos-online\/la-piel-un-organo-complejo-con-historia\/#primaryimage"},"thumbnailUrl":"https:\/\/respiramismares.com\/cursos-online\/wp-content\/uploads\/2023\/12\/72aa463c-de9b-4a2a-93aa-af8fd14976bd.jpg","datePublished":"2023-12-06T12:49:49+00:00","dateModified":"2023-12-06T13:35:39+00:00","breadcrumb":{"@id":"https:\/\/respiramismares.com\/cursos-online\/la-piel-un-organo-complejo-con-historia\/#breadcrumb"},"inLanguage":"es","potentialAction":[{"@type":"ReadAction","target":["https:\/\/respiramismares.com\/cursos-online\/la-piel-un-organo-complejo-con-historia\/"]}]},{"@type":"ImageObject","inLanguage":"es","@id":"https:\/\/respiramismares.com\/cursos-online\/la-piel-un-organo-complejo-con-historia\/#primaryimage","url":"https:\/\/respiramismares.com\/cursos-online\/wp-content\/uploads\/2023\/12\/72aa463c-de9b-4a2a-93aa-af8fd14976bd.jpg","contentUrl":"https:\/\/respiramismares.com\/cursos-online\/wp-content\/uploads\/2023\/12\/72aa463c-de9b-4a2a-93aa-af8fd14976bd.jpg","width":1024,"height":1024},{"@type":"BreadcrumbList","@id":"https:\/\/respiramismares.com\/cursos-online\/la-piel-un-organo-complejo-con-historia\/#breadcrumb","itemListElement":[{"@type":"ListItem","position":1,"name":"Home","item":"https:\/\/respiramismares.com\/cursos-online\/"},{"@type":"ListItem","position":2,"name":"La Piel, un \u00d3rgano Complejo con Historia"}]},{"@type":"WebSite","@id":"https:\/\/respiramismares.com\/cursos-online\/#website","url":"https:\/\/respiramismares.com\/cursos-online\/","name":"Respira Mis Mares","description":"Camila Fern\u00e1ndez","publisher":{"@id":"https:\/\/respiramismares.com\/cursos-online\/#organization"},"alternateName":"Camila Fern\u00e1ndez - Psicoterapeuta Cu\u00e1ntica y Gu\u00eda Bienestar mental, emocional y espiritual","potentialAction":[{"@type":"SearchAction","target":{"@type":"EntryPoint","urlTemplate":"https:\/\/respiramismares.com\/cursos-online\/?s={search_term_string}"},"query-input":{"@type":"PropertyValueSpecification","valueRequired":true,"valueName":"search_term_string"}}],"inLanguage":"es"},{"@type":"Organization","@id":"https:\/\/respiramismares.com\/cursos-online\/#organization","name":"Respira Mis Mares","alternateName":"Camila Fern\u00e1ndez - Psicoterapeuta Cu\u00e1ntica y Gu\u00eda Bienestar mental, emocional y espiritual","url":"https:\/\/respiramismares.com\/cursos-online\/","logo":{"@type":"ImageObject","inLanguage":"es","@id":"https:\/\/respiramismares.com\/cursos-online\/#\/schema\/logo\/image\/","url":"https:\/\/respiramismares.com\/cursos-online\/wp-content\/uploads\/2021\/01\/logop2.png","contentUrl":"https:\/\/respiramismares.com\/cursos-online\/wp-content\/uploads\/2021\/01\/logop2.png","width":972,"height":259,"caption":"Respira Mis Mares"},"image":{"@id":"https:\/\/respiramismares.com\/cursos-online\/#\/schema\/logo\/image\/"},"sameAs":["https:\/\/www.facebook.com\/respiramismares\/","https:\/\/www.instagram.com\/respiramismares\/"]},{"@type":"Person","@id":"https:\/\/respiramismares.com\/cursos-online\/#\/schema\/person\/b2b75b6615493504f6d70f253d83ca23","name":"Camila Fern\u00e1ndez","image":{"@type":"ImageObject","inLanguage":"es","@id":"https:\/\/respiramismares.com\/cursos-online\/wp-content\/uploads\/avatars\/1\/6411fba5a7d8d-bpthumb.png","url":"https:\/\/respiramismares.com\/cursos-online\/wp-content\/uploads\/avatars\/1\/6411fba5a7d8d-bpthumb.png","contentUrl":"https:\/\/respiramismares.com\/cursos-online\/wp-content\/uploads\/avatars\/1\/6411fba5a7d8d-bpthumb.png","caption":"Camila Fern\u00e1ndez"},"sameAs":["https:\/\/respiramismares.com\/cursos-online"]}]}},"_links":{"self":[{"href":"https:\/\/respiramismares.com\/cursos-online\/wp-json\/wp\/v2\/posts\/4663","targetHints":{"allow":["GET"]}}],"collection":[{"href":"https:\/\/respiramismares.com\/cursos-online\/wp-json\/wp\/v2\/posts"}],"about":[{"href":"https:\/\/respiramismares.com\/cursos-online\/wp-json\/wp\/v2\/types\/post"}],"author":[{"embeddable":true,"href":"https:\/\/respiramismares.com\/cursos-online\/wp-json\/wp\/v2\/users\/1"}],"replies":[{"embeddable":true,"href":"https:\/\/respiramismares.com\/cursos-online\/wp-json\/wp\/v2\/comments?post=4663"}],"version-history":[{"count":2,"href":"https:\/\/respiramismares.com\/cursos-online\/wp-json\/wp\/v2\/posts\/4663\/revisions"}],"predecessor-version":[{"id":4668,"href":"https:\/\/respiramismares.com\/cursos-online\/wp-json\/wp\/v2\/posts\/4663\/revisions\/4668"}],"wp:featuredmedia":[{"embeddable":true,"href":"https:\/\/respiramismares.com\/cursos-online\/wp-json\/wp\/v2\/media\/4664"}],"wp:attachment":[{"href":"https:\/\/respiramismares.com\/cursos-online\/wp-json\/wp\/v2\/media?parent=4663"}],"wp:term":[{"taxonomy":"category","embeddable":true,"href":"https:\/\/respiramismares.com\/cursos-online\/wp-json\/wp\/v2\/categories?post=4663"},{"taxonomy":"post_tag","embeddable":true,"href":"https:\/\/respiramismares.com\/cursos-online\/wp-json\/wp\/v2\/tags?post=4663"}],"curies":[{"name":"wp","href":"https:\/\/api.w.org\/{rel}","templated":true}]}}